{"id":8866,"date":"2017-03-23T10:01:27","date_gmt":"2017-03-23T13:01:27","guid":{"rendered":"http:\/\/actualidadadiario.com\/site\/?p=8866"},"modified":"2017-03-23T10:01:27","modified_gmt":"2017-03-23T13:01:27","slug":"el-ministro-de-salud-brindo-detalles-a-diputados-del-proyecto-de-compra-centralizada-de-medicamentos","status":"publish","type":"post","link":"https:\/\/www.actualidadadiario.com\/index.php\/2017\/03\/23\/el-ministro-de-salud-brindo-detalles-a-diputados-del-proyecto-de-compra-centralizada-de-medicamentos\/","title":{"rendered":"El ministro de Salud brind\u00f3 detalles a diputados del proyecto de compra centralizada de medicamentos"},"content":{"rendered":"<p><em><strong>El proyecto de compra centralizada de medicamentos e insumos m\u00e9dicos en el que trabaja la provincia fue el tema central de la reuni\u00f3n de la Comisi\u00f3n de Salud de la C\u00e1mara de Diputados en la que particip\u00f3 el ministro Ariel de la Rosa. \u201cNuestro proyecto es una verdadera intervenci\u00f3n en salud, no un simple proceso de licitaci\u00f3n\u201d, enfatiz\u00f3 el titular de la cartera sanitaria, que indic\u00f3 que una comisi\u00f3n de trabajo t\u00e9cnica se reunir\u00e1 para analizar aspectos del expediente en tr\u00e1mite<\/strong><\/em><\/p>\n<p>&nbsp;<\/p>\n<p>&nbsp;<\/p>\n<p>&nbsp;<\/p>\n<p>&nbsp;<\/p>\n<p>Durante una reuni\u00f3n de la Comisi\u00f3n de Salud de la C\u00e1mara de Diputados, que encabez\u00f3 el titular de la misma Jos\u00e9 Allende, el ministro Ariel de la Rosa brind\u00f3 detalles ante legisladores y representantes de las droguer\u00edas sobre la compra centralizada de medicamentos e insumos m\u00e9dicos en la que est\u00e1 trabajando junto a integrantes del equipo t\u00e9cnico de la cartera sanitaria.<\/p>\n<p>&nbsp;<\/p>\n<p>\u201cNuestro proyecto es una verdadera intervenci\u00f3n en salud, no un simple proceso de licitaci\u00f3n\u201d, afirm\u00f3 el titular de la cartera, quien puntualiz\u00f3: \u201cUn a\u00f1o nos ha llevado elaborar un vadem\u00e9cum serio y ajustado a nuestras necesidades, seg\u00fan la demanda epidemiol\u00f3gica y por prioridad de patolog\u00eda, que contempla 1.499 medicamentos que utilizamos en los hospitales de la provincia\u201d.<\/p>\n<p>&nbsp;<\/p>\n<p>A su vez, el ministro subray\u00f3 que el Expediente N\u00ba 1826893 est\u00e1 en tr\u00e1mite. \u201cEl modelo de licitaci\u00f3n es abierto, p\u00fablico y contempla la posibilidad de que se inscriban diferentes formas asociativas, como establece nuestro C\u00f3digo\u201d, precis\u00f3.<\/p>\n<p>&nbsp;<\/p>\n<p>&nbsp;<\/p>\n<p>&nbsp;<\/p>\n<p><strong>Comisi\u00f3n de trabajo <\/strong><\/p>\n<p>En el encuentro, las partes consensuaron la conformaci\u00f3n de una comisi\u00f3n de trabajo t\u00e9cnica que estar\u00e1 integrada por legisladores, dos representantes del grupo de droguer\u00edas locales y los t\u00e9cnicos del Ministerio de Salud. La reuni\u00f3n ser\u00e1 el pr\u00f3ximo martes, a partir de las 9, en el \u00e1mbito de la cartera sanitaria.<\/p>\n<p>&nbsp;<\/p>\n<p>\u201cEsta reuni\u00f3n nos sirvi\u00f3 para acercar posiciones y ver la manera en que las droguer\u00edas puedan tener una inclusi\u00f3n mayor de la que hoy le estamos dando\u201d, evalu\u00f3 el ministro. \u201cTambi\u00e9n pudimos clarificar diversos puntos que est\u00e1n en el pliego que eran desconocidos para los legisladores y las droguer\u00edas locales. Muchos de esos aspectos se incorporaron al pliego a instancias de las sugerencias del Tribunal de Cuentas y de la Contadur\u00eda General\u201d, explic\u00f3.<\/p>\n<p>&nbsp;<\/p>\n<p>&nbsp;<\/p>\n<p>&nbsp;<\/p>\n<p><strong>Consideraciones sobre la compra centralizada de medicamentos <\/strong><\/p>\n<p>En su intervenci\u00f3n, el ministro de Salud argument\u00f3 los alcances del proyecto de compra centralizada de medicamentos e insumos m\u00e9dicos. \u201cHoy tenemos un sistema fragmentado en los 65 hospitales con cotizaciones dispares, con situaciones de inequidad e ineficiencia, que muchas veces generan demora en los tratamientos. Esta es una situaci\u00f3n a tener muy en cuenta\u201d, dijo De la Rosa.<\/p>\n<p>&nbsp;<\/p>\n<p>En ese sentido, detall\u00f3: \u201cEn primer lugar hemos decidido la compra centralizada para solucionar los problemas de inequidades y desigualdades que surgen de la condici\u00f3n de cada uno de los hospitales que hoy tienen poder de compra con diferentes realidades\u201d.<\/p>\n<p>&nbsp;<\/p>\n<p>\u201cEn segundo lugar, por una observaci\u00f3n permanente del Tribunal de Cuentas y de la Contadur\u00eda General que, desde el inicio de mi gesti\u00f3n, realizan auditorias en hospitales con resultados que nos han servido para corregir algunos aspectos viciados\u201d, consider\u00f3 el ministro.<\/p>\n<p>&nbsp;<\/p>\n<p>\u201cY tercero, queremos aprovechar los beneficios de la econom\u00eda a escala que permitir\u00e1 al Ministerio negociar mejores precios y buscar mejores condiciones financieras para la provisi\u00f3n de los insumos que necesitamos\u201d, redonde\u00f3 el titular de la cartera, que sobre este punto coment\u00f3 que se consult\u00f3 no solo bibliograf\u00eda pertinente sino tambi\u00e9n con el exministro de Salud, Gin\u00e9s Gonz\u00e1lez Garc\u00eda.<\/p>\n<p>&nbsp;<\/p>\n<p>&nbsp;<\/p>\n<p>&nbsp;<\/p>\n<p><strong>Acerca de la legalidad del expediente en tr\u00e1mite <\/strong><\/p>\n<p>El director de Asuntos Jur\u00eddicos, V\u00edctor Berta, plante\u00f3 la legalidad del Expediente 1826893 en tr\u00e1mite. \u201cLa opini\u00f3n del Tribunal de Cuentas fue tenida en cuenta. Algunas sugerencias fueron receptadas y otras fueron debidamente fundamentadas para insistir con el proyecto original. Desde el 28 de diciembre hasta hoy, el \u00f3rgano no ha hecho ninguna observaci\u00f3n al respecto\u201d, precis\u00f3 el funcionario. \u201cAdem\u00e1s, hace dos semanas mantuvimos una reuni\u00f3n con sus integrantes a quienes preguntamos si ten\u00edan alguna observaci\u00f3n que haga a la legalidad del expediente y nos dijeron que no. La conclusi\u00f3n es que no van a contestar m\u00e1s nada porque tuvieron por suficientemente aclarado cada uno de los puntos\u201d, agreg\u00f3.<\/p>\n<p>&nbsp;<\/p>\n<p>\u201cEl mismo 28 de diciembre le comentamos a la Fiscal\u00eda de Estado que el Tribunal de Cuentas hab\u00eda remitido las observaciones y a la fecha el fiscal de Estado tampoco hizo ninguna observaci\u00f3n\u201d, continu\u00f3 Berta. \u201cA la Contadur\u00eda General de la provincia tambi\u00e9n le hemos contestado y hasta el d\u00eda de la fecha tampoco tenemos ninguna observaci\u00f3n\u201d, sum\u00f3.<\/p>\n<p>&nbsp;<\/p>\n<p>En ese sentido, el funcionario concluy\u00f3: \u201cEl expediente tiene la participaci\u00f3n de todos los organismos t\u00e9cnicos, que han tenido la oportunidad de opinar, y de ninguno tenemos alg\u00fan cuestionamiento que haga a la legalidad. Y con el mismo criterio de legalidad del expediente, entendemos que la provincia puede convocar a la licitaci\u00f3n\u201d.<\/p>\n","protected":false},"excerpt":{"rendered":"<p>El proyecto de compra centralizada de medicamentos e insumos m\u00e9dicos en el que trabaja la provincia fue el tema central de la reuni\u00f3n de la Comisi\u00f3n de Salud de la C\u00e1mara de Diputados en la que particip\u00f3 el ministro Ariel de la Rosa. \u201cNuestro proyecto es una verdadera intervenci\u00f3n en salud, no un simple proceso de licitaci\u00f3n\u201d, enfatiz\u00f3 el titular de la cartera sanitaria, que indic\u00f3 que una comisi\u00f3n de trabajo t\u00e9cnica se reunir\u00e1 para analizar aspectos del expediente en tr\u00e1mite &nbsp; &nbsp; &nbsp; &nbsp; Durante una reuni\u00f3n de la&#8230;<\/p>\n","protected":false},"author":3,"featured_media":8867,"comment_status":"closed","ping_status":"closed","sticky":false,"template":"","format":"standard","meta":[],"categories":[9,15],"tags":[],"_links":{"self":[{"href":"https:\/\/www.actualidadadiario.com\/index.php\/wp-json\/wp\/v2\/posts\/8866"}],"collection":[{"href":"https:\/\/www.actualidadadiario.com\/index.php\/wp-json\/wp\/v2\/posts"}],"about":[{"href":"https:\/\/www.actualidadadiario.com\/index.php\/wp-json\/wp\/v2\/types\/post"}],"author":[{"embeddable":true,"href":"https:\/\/www.actualidadadiario.com\/index.php\/wp-json\/wp\/v2\/users\/3"}],"replies":[{"embeddable":true,"href":"https:\/\/www.actualidadadiario.com\/index.php\/wp-json\/wp\/v2\/comments?post=8866"}],"version-history":[{"count":1,"href":"https:\/\/www.actualidadadiario.com\/index.php\/wp-json\/wp\/v2\/posts\/8866\/revisions"}],"predecessor-version":[{"id":8868,"href":"https:\/\/www.actualidadadiario.com\/index.php\/wp-json\/wp\/v2\/posts\/8866\/revisions\/8868"}],"wp:featuredmedia":[{"embeddable":true,"href":"https:\/\/www.actualidadadiario.com\/index.php\/wp-json\/wp\/v2\/media\/8867"}],"wp:attachment":[{"href":"https:\/\/www.actualidadadiario.com\/index.php\/wp-json\/wp\/v2\/media?parent=8866"}],"wp:term":[{"taxonomy":"category","embeddable":true,"href":"https:\/\/www.actualidadadiario.com\/index.php\/wp-json\/wp\/v2\/categories?post=8866"},{"taxonomy":"post_tag","embeddable":true,"href":"https:\/\/www.actualidadadiario.com\/index.php\/wp-json\/wp\/v2\/tags?post=8866"}],"curies":[{"name":"wp","href":"https:\/\/api.w.org\/{rel}","templated":true}]}}