{"id":8863,"date":"2017-03-23T10:00:40","date_gmt":"2017-03-23T13:00:40","guid":{"rendered":"http:\/\/actualidadadiario.com\/site\/?p=8863"},"modified":"2017-03-23T10:00:40","modified_gmt":"2017-03-23T13:00:40","slug":"nuestros-destinos-economicos-estan-unidos-afirmo-el-canciller-uruguayo","status":"publish","type":"post","link":"https:\/\/www.actualidadadiario.com\/index.php\/2017\/03\/23\/nuestros-destinos-economicos-estan-unidos-afirmo-el-canciller-uruguayo\/","title":{"rendered":"\u201cNuestros destinos econ\u00f3micos est\u00e1n unidos\u201d, afirm\u00f3 el canciller uruguayo"},"content":{"rendered":"<p><em><strong>El gobernador Gustavo Bordet y el canciller de la Rep\u00fablica Oriental del Uruguay, Rodolfo Nin Novoa, abordaron hoy en Montevideo una agenda institucional que incluir\u00e1 actividades conjuntas vinculadas a la Hidrov\u00eda del R\u00edo Uruguay, a la educaci\u00f3n y la salud. Fue durante un encuentro que se realiz\u00f3 en el hist\u00f3rico Palacio Santos, hoy sede del Ministerio de Relaciones Exteriores de Uruguay<\/strong><\/em><\/p>\n<p>&nbsp;<\/p>\n<p>&nbsp;<\/p>\n<p>&nbsp;<\/p>\n<p>&nbsp;<\/p>\n<p>La agenda tratada incluy\u00f3 temas vinculados &#8220;a las dos m\u00e1rgenes del r\u00edo del Uruguay que es uno r\u00edo que nos une y sobre cual estamos trabajando con mucho entusiasmo y con buenos resultados&#8221;, defini\u00f3 Nin Novoa.<\/p>\n<p>&nbsp;<\/p>\n<p>&#8220;El gobernador Bordet me ha contado los avances que hemos tenido en materia portuaria y de salida de la producci\u00f3n del lado argentino. Esto nos congratula mucho porque nuestros destinos econ\u00f3micos est\u00e1n muy unidos. A Uruguay le ir\u00e1 bien, si a Argentina tambi\u00e9n le va bien, y viceversa. La regi\u00f3n es muy importante para nosotros, y la verdad que encontrarme con el gobernador Bordet siempre para m\u00ed es un gran placer&#8221;, manifest\u00f3.<\/p>\n<p>&nbsp;<\/p>\n<p>Adelant\u00f3 luego &#8220;que habr\u00e1 en septiembre actividades en conjunto. Se reunir\u00e1 el Comit\u00e9 de Hidrov\u00eda, habr\u00e1 recambio de autoridades e ir\u00e9 a firmar un acuerdo consultar para el movimiento de estudiantes y profesores de ambas m\u00e1rgenes del r\u00edo&#8221;.<\/p>\n<p>&nbsp;<\/p>\n<p>\u201cEntre R\u00edos es la provincia m\u00e1s cercana al Uruguay y por lo tanto hay que darle la atenci\u00f3n debida. Soy un hombre del interior y he sido intendente, y los temas de integraci\u00f3n me interesan mucho, y s\u00e9 la importancia que tiene&#8221;, remarc\u00f3.<\/p>\n<p>&nbsp;<\/p>\n<p>&nbsp;<\/p>\n<p>&nbsp;<\/p>\n<p><strong>Frontera <\/strong><\/p>\n<p>A su turno, el gobernador Bordet sostuvo: &#8220;Tenemos una frontera extensa por el r\u00edo que tiene que servir para unirnos, y en ese sentido hace muchos a\u00f1os que venimos trabajando, tanto intendentes de Entre R\u00edos como del Uruguay, sobre la margen del r\u00edo, para integrarnos en el Comit\u00e9 de Hidrov\u00eda. Hoy estamos viendo los frutos con la navegabilidad, al poder operar con cargas para ultramar desde Concepci\u00f3n del Uruguay y Paysand\u00fa, v\u00eda el puerto Montevideo. Esto supone una gran econom\u00eda en costos log\u00edsticos para nuestros productores&#8221;, inform\u00f3.<\/p>\n<p>&nbsp;<\/p>\n<p>Bordet, quien estuvo acompa\u00f1ado por el ministro de Producci\u00f3n, Carlos Schepens, se refiri\u00f3 luego a aspectos que no son estrictamente comerciales al decir que &#8220;en materia de salud, prevenci\u00f3n de enfermedades como dengue, y en materia de educaci\u00f3n el intercambio de estudiantes y profesores. Hay muchos j\u00f3venes que estudian en Argentina que vienen de ciudades del Uruguay, y muchos j\u00f3venes de Entre R\u00edos que est\u00e1n estudiando en la Universidad de la Rep\u00fablica&#8221;, donde el gobernador record\u00f3 haber hecho oportunamente un posgrado.<\/p>\n<p>&nbsp;<\/p>\n<p>&#8220;Hay una fuerte vinculaci\u00f3n hist\u00f3rica que tambi\u00e9n hace que hoy estemos trabajando en conjunto para resolver problemas que muchas veces son cotidianos de nuestros vecinos y otros que son estrat\u00e9gicos que tienen que ver con el desarrollo de ambos pa\u00edses&#8221;, concluy\u00f3 el mandatario.<\/p>\n","protected":false},"excerpt":{"rendered":"<p>El gobernador Gustavo Bordet y el canciller de la Rep\u00fablica Oriental del Uruguay, Rodolfo Nin Novoa, abordaron hoy en Montevideo una agenda institucional que incluir\u00e1 actividades conjuntas vinculadas a la Hidrov\u00eda del R\u00edo Uruguay, a la educaci\u00f3n y la salud. Fue durante un encuentro que se realiz\u00f3 en el hist\u00f3rico Palacio Santos, hoy sede del Ministerio de Relaciones Exteriores de Uruguay &nbsp; &nbsp; &nbsp; &nbsp; La agenda tratada incluy\u00f3 temas vinculados &#8220;a las dos m\u00e1rgenes del r\u00edo del Uruguay que es uno r\u00edo que nos une y sobre cual estamos&#8230;<\/p>\n","protected":false},"author":3,"featured_media":8864,"comment_status":"closed","ping_status":"closed","sticky":false,"template":"","format":"standard","meta":[],"categories":[9,15],"tags":[],"_links":{"self":[{"href":"https:\/\/www.actualidadadiario.com\/index.php\/wp-json\/wp\/v2\/posts\/8863"}],"collection":[{"href":"https:\/\/www.actualidadadiario.com\/index.php\/wp-json\/wp\/v2\/posts"}],"about":[{"href":"https:\/\/www.actualidadadiario.com\/index.php\/wp-json\/wp\/v2\/types\/post"}],"author":[{"embeddable":true,"href":"https:\/\/www.actualidadadiario.com\/index.php\/wp-json\/wp\/v2\/users\/3"}],"replies":[{"embeddable":true,"href":"https:\/\/www.actualidadadiario.com\/index.php\/wp-json\/wp\/v2\/comments?post=8863"}],"version-history":[{"count":1,"href":"https:\/\/www.actualidadadiario.com\/index.php\/wp-json\/wp\/v2\/posts\/8863\/revisions"}],"predecessor-version":[{"id":8865,"href":"https:\/\/www.actualidadadiario.com\/index.php\/wp-json\/wp\/v2\/posts\/8863\/revisions\/8865"}],"wp:featuredmedia":[{"embeddable":true,"href":"https:\/\/www.actualidadadiario.com\/index.php\/wp-json\/wp\/v2\/media\/8864"}],"wp:attachment":[{"href":"https:\/\/www.actualidadadiario.com\/index.php\/wp-json\/wp\/v2\/media?parent=8863"}],"wp:term":[{"taxonomy":"category","embeddable":true,"href":"https:\/\/www.actualidadadiario.com\/index.php\/wp-json\/wp\/v2\/categories?post=8863"},{"taxonomy":"post_tag","embeddable":true,"href":"https:\/\/www.actualidadadiario.com\/index.php\/wp-json\/wp\/v2\/tags?post=8863"}],"curies":[{"name":"wp","href":"https:\/\/api.w.org\/{rel}","templated":true}]}}