{"id":8860,"date":"2017-03-23T09:59:53","date_gmt":"2017-03-23T12:59:53","guid":{"rendered":"http:\/\/actualidadadiario.com\/site\/?p=8860"},"modified":"2017-03-23T09:59:53","modified_gmt":"2017-03-23T12:59:53","slug":"cresto-y-frigerio-despiertan-suspicacias-politicas","status":"publish","type":"post","link":"https:\/\/www.actualidadadiario.com\/index.php\/2017\/03\/23\/cresto-y-frigerio-despiertan-suspicacias-politicas\/","title":{"rendered":"Cresto y Frigerio despiertan suspicacias pol\u00edticas"},"content":{"rendered":"<p><em><strong>Al ministro del Interior, Obras P\u00fablicas y Vivienda, Rogelio Frigerio, ya le dicen que es el nuevo \u201cso\u00f1ador entrerriano\u201d, en alusi\u00f3n a la frase que hizo famosa el ex gobernador, Sergio Urribarri en su intento de campa\u00f1a presidencial. Frigerio no para de dar muestras acerca de su deseo de gobernar la provincia en el futuro, c\u00f3mo un trampol\u00edn para algo m\u00e1s ambicioso y para ello busca el apoyo del peronismo, brindando una atenci\u00f3n diferenciada a todos los intendentes peronistas respecto de los intendentes radicales<\/strong><\/em><\/p>\n<p>&nbsp;<\/p>\n<p>&nbsp;<\/p>\n<p>&nbsp;<\/p>\n<p>&nbsp;<\/p>\n<p>&nbsp;<\/p>\n<p>&nbsp;<\/p>\n<p>Precisamente fueron esos alcaldes de la UCR los que le pusieron un freno a las pretensiones del ministro dentro de Cambiemos, que sumado al inesperado frente judicial interno, impuesto por una corriente del PRO, pueden frustrar sus planes futuros. Ante ello el intendente Cresto sali\u00f3 al rescate del funcionario.<\/p>\n<p>&nbsp;<\/p>\n<p>\u201cRogelio Frigerio tiene una mirada peronista para muchas cosas y acepta las cr\u00edticas que con nuestra mirada justicialista hacemos sobre las medidas que el gobierno que \u00e9l integra toma\u201d, se\u00f1al\u00f3 el intendente de Concordia, Enrique Cresto, para referirse al ministro de Interior, Obras P\u00fablicas y Vivienda.<\/p>\n<p>&nbsp;<\/p>\n<p>Cresto se refiri\u00f3 a la excelente relaci\u00f3n que existe entre su municipio, el gobierno provincial y el nacional. As\u00ed \u00e9l se refiri\u00f3 al ministro Frigerio con halagos que sorprendieron a varios. Seg\u00fan el intendente de la segunda ciudad en importancia de la provincia, esa \u201cmirada peronista\u201d del ministro, ha quedado en evidencia cada vez que se han reunido por cuestiones propias de las respectivas gestiones.<\/p>\n<p>&nbsp;<\/p>\n<p>\u201cAunque tiene su mirada personal, se lo ve muy cerca del peronismo\u201d, a\u00f1adi\u00f3 Cresto queriendo resaltar esa inquietud de Frigerio (una frase que s\u00f3lo desnuda cierta ignorancia o desatenci\u00f3n de Cresto sobre la historia del peronismo, que apoy\u00f3 al gobierno de Arturo Frondizi, v\u00eda un acuerdo con Rogelio Frigerio, el abuelo de \u00e9ste ministro aunque luego hubo un distanciamiento; pero en 1973 el Movimiento de Integraci\u00f3n y Desarrollo de Frondizi &#8211; Frigerio integr\u00f3 el Frente Justicialista de Liberaci\u00f3n Nacional, entre otros eventos cercano al PJ con los que creci\u00f3 Rogelio nieto). Luego, Cresto, desde lo pol\u00edtico, no puede ignorar el proyecto personal del ministro: gobernar Entre R\u00edos en 2019, para retomar \u201cel sue\u00f1o entrerriano\u201d que no pudo alcanzar el ex gobernador Sergio Urribarri.<\/p>\n<p>&nbsp;<\/p>\n<p>El intendente de Concordia dijo que \u201cFrigerio tiene una preferencia especial con Entre R\u00edos\u201d y mencion\u00f3 que \u201c\u00e9l tiene su vivienda en Villa Paranacito\u201d, pretendiendo darle al ministro una cierta pertenencia a la provincia que en realidad no es tan as\u00ed, ya que si bien es cierto que el ministro tiene domicilio en ese lugar, \u00e9l no vive all\u00ed.<\/p>\n<p>&nbsp;<\/p>\n<p>Habr\u00eda que informarle a Cresto, por si realmente no lo sabe, que en Villa Paranacito, Frigerio lleva adelante un pol\u00e9mico y cuestionado emprendimiento inmobiliario, en sociedad con el diputado provincial Mart\u00edn Anguiano. Hay denuncias varias de supuestos da\u00f1os ambientales de parte de pobladores del lugar y del Delta.<\/p>\n<p>&nbsp;<\/p>\n<p>M\u00e1s all\u00e1 de desconocer el inter\u00e9s de Frigerio por Villa Paranacito, Cresto pareciera saber muy bien cu\u00e1les son los otros intereses que tiene Frigerio en Entre R\u00edos y que explic su af\u00e1n con los intendentes peronistas.<\/p>\n<p>(fuente: Urgente 24)<\/p>\n","protected":false},"excerpt":{"rendered":"<p>Al ministro del Interior, Obras P\u00fablicas y Vivienda, Rogelio Frigerio, ya le dicen que es el nuevo \u201cso\u00f1ador entrerriano\u201d, en alusi\u00f3n a la frase que hizo famosa el ex gobernador, Sergio Urribarri en su intento de campa\u00f1a presidencial. Frigerio no para de dar muestras acerca de su deseo de gobernar la provincia en el futuro, c\u00f3mo un trampol\u00edn para algo m\u00e1s ambicioso y para ello busca el apoyo del peronismo, brindando una atenci\u00f3n diferenciada a todos los intendentes peronistas respecto de los intendentes radicales &nbsp; &nbsp; &nbsp; &nbsp; &nbsp; &nbsp;&#8230;<\/p>\n","protected":false},"author":3,"featured_media":8861,"comment_status":"closed","ping_status":"closed","sticky":false,"template":"","format":"standard","meta":[],"categories":[15],"tags":[],"_links":{"self":[{"href":"https:\/\/www.actualidadadiario.com\/index.php\/wp-json\/wp\/v2\/posts\/8860"}],"collection":[{"href":"https:\/\/www.actualidadadiario.com\/index.php\/wp-json\/wp\/v2\/posts"}],"about":[{"href":"https:\/\/www.actualidadadiario.com\/index.php\/wp-json\/wp\/v2\/types\/post"}],"author":[{"embeddable":true,"href":"https:\/\/www.actualidadadiario.com\/index.php\/wp-json\/wp\/v2\/users\/3"}],"replies":[{"embeddable":true,"href":"https:\/\/www.actualidadadiario.com\/index.php\/wp-json\/wp\/v2\/comments?post=8860"}],"version-history":[{"count":1,"href":"https:\/\/www.actualidadadiario.com\/index.php\/wp-json\/wp\/v2\/posts\/8860\/revisions"}],"predecessor-version":[{"id":8862,"href":"https:\/\/www.actualidadadiario.com\/index.php\/wp-json\/wp\/v2\/posts\/8860\/revisions\/8862"}],"wp:featuredmedia":[{"embeddable":true,"href":"https:\/\/www.actualidadadiario.com\/index.php\/wp-json\/wp\/v2\/media\/8861"}],"wp:attachment":[{"href":"https:\/\/www.actualidadadiario.com\/index.php\/wp-json\/wp\/v2\/media?parent=8860"}],"wp:term":[{"taxonomy":"category","embeddable":true,"href":"https:\/\/www.actualidadadiario.com\/index.php\/wp-json\/wp\/v2\/categories?post=8860"},{"taxonomy":"post_tag","embeddable":true,"href":"https:\/\/www.actualidadadiario.com\/index.php\/wp-json\/wp\/v2\/tags?post=8860"}],"curies":[{"name":"wp","href":"https:\/\/api.w.org\/{rel}","templated":true}]}}