{"id":8853,"date":"2017-03-22T09:34:56","date_gmt":"2017-03-22T12:34:56","guid":{"rendered":"http:\/\/actualidadadiario.com\/site\/?p=8853"},"modified":"2017-03-22T09:34:56","modified_gmt":"2017-03-22T12:34:56","slug":"otra-vez-los-despidos-echaron-a-trabajadores-del-servicio-meteorologico-nacional","status":"publish","type":"post","link":"https:\/\/www.actualidadadiario.com\/index.php\/2017\/03\/22\/otra-vez-los-despidos-echaron-a-trabajadores-del-servicio-meteorologico-nacional\/","title":{"rendered":"Otra vez los despidos: echaron a trabajadores del Servicio Meteorol\u00f3gico Nacional"},"content":{"rendered":"<p><em><strong>El organismo que depende de Defensa no renov\u00f3 contratos de 15 agentes para este a\u00f1o. Hace un a\u00f1o, en otra \u00e1rea, hab\u00edan echaron a 140 personas<\/strong><\/em><\/p>\n<p>&nbsp;<\/p>\n<p>&nbsp;<\/p>\n<p>&nbsp;<\/p>\n<p>&nbsp;<\/p>\n<p>En el marco de despidos estatales y privados masivos y la incorporaci\u00f3n de militantes en la plantilla gubernamental, el Servicio Meteorol\u00f3gico Nacional recort\u00f3 puestos de trabajo.<\/p>\n<p>&nbsp;<\/p>\n<p>El organismo dependiente del Ministerio de Defensa, que maneja Julio Mart\u00ednez, volvi\u00f3 a cesantear trabajadores por pedido del Ministerio de Modernizaci\u00f3n, de Andr\u00e9s Ibarra, y de los coordinadores econ\u00f3micos Gustavo Lopetegui y Mario Quintana.<\/p>\n<p>&nbsp;<\/p>\n<p>A trav\u00e9s de un documento oficial, se pudo saber que la gesti\u00f3n del ente de Celeste Saulo no renov\u00f3 los contratos de 12 empleados contratados en el marco del decreto 2345\/2008 y de tres agentes que trabajaban en el marco del art\u00edculo 9 del anexo de la Ley 25.164. La finalizaci\u00f3n de la relaci\u00f3n laboral se dio en diciembre, pero no hab\u00eda trascendido p\u00fablicamente.<\/p>\n<p>&nbsp;<\/p>\n<p>Este modo de contrataci\u00f3n precaria es com\u00fan en el Estado nacional, pero tambi\u00e9n los provinciales y municipales.<\/p>\n<p>&nbsp;<\/p>\n<p>El SMN tiene el objetivo de proveer servicios meteorol\u00f3gicos en tiempo real y de realizar y difundir alertas meteorol\u00f3gicas ante situaciones que pongan en riesgo la vida o el patrimonio.<\/p>\n","protected":false},"excerpt":{"rendered":"<p>El organismo que depende de Defensa no renov\u00f3 contratos de 15 agentes para este a\u00f1o. Hace un a\u00f1o, en otra \u00e1rea, hab\u00edan echaron a 140 personas &nbsp; &nbsp; &nbsp; &nbsp; En el marco de despidos estatales y privados masivos y la incorporaci\u00f3n de militantes en la plantilla gubernamental, el Servicio Meteorol\u00f3gico Nacional recort\u00f3 puestos de trabajo. &nbsp; El organismo dependiente del Ministerio de Defensa, que maneja Julio Mart\u00ednez, volvi\u00f3 a cesantear trabajadores por pedido del Ministerio de Modernizaci\u00f3n, de Andr\u00e9s Ibarra, y de los coordinadores econ\u00f3micos Gustavo Lopetegui y Mario&#8230;<\/p>\n","protected":false},"author":3,"featured_media":8854,"comment_status":"closed","ping_status":"closed","sticky":false,"template":"","format":"standard","meta":[],"categories":[2],"tags":[],"_links":{"self":[{"href":"https:\/\/www.actualidadadiario.com\/index.php\/wp-json\/wp\/v2\/posts\/8853"}],"collection":[{"href":"https:\/\/www.actualidadadiario.com\/index.php\/wp-json\/wp\/v2\/posts"}],"about":[{"href":"https:\/\/www.actualidadadiario.com\/index.php\/wp-json\/wp\/v2\/types\/post"}],"author":[{"embeddable":true,"href":"https:\/\/www.actualidadadiario.com\/index.php\/wp-json\/wp\/v2\/users\/3"}],"replies":[{"embeddable":true,"href":"https:\/\/www.actualidadadiario.com\/index.php\/wp-json\/wp\/v2\/comments?post=8853"}],"version-history":[{"count":1,"href":"https:\/\/www.actualidadadiario.com\/index.php\/wp-json\/wp\/v2\/posts\/8853\/revisions"}],"predecessor-version":[{"id":8855,"href":"https:\/\/www.actualidadadiario.com\/index.php\/wp-json\/wp\/v2\/posts\/8853\/revisions\/8855"}],"wp:featuredmedia":[{"embeddable":true,"href":"https:\/\/www.actualidadadiario.com\/index.php\/wp-json\/wp\/v2\/media\/8854"}],"wp:attachment":[{"href":"https:\/\/www.actualidadadiario.com\/index.php\/wp-json\/wp\/v2\/media?parent=8853"}],"wp:term":[{"taxonomy":"category","embeddable":true,"href":"https:\/\/www.actualidadadiario.com\/index.php\/wp-json\/wp\/v2\/categories?post=8853"},{"taxonomy":"post_tag","embeddable":true,"href":"https:\/\/www.actualidadadiario.com\/index.php\/wp-json\/wp\/v2\/tags?post=8853"}],"curies":[{"name":"wp","href":"https:\/\/api.w.org\/{rel}","templated":true}]}}