{"id":8850,"date":"2017-03-22T09:34:15","date_gmt":"2017-03-22T12:34:15","guid":{"rendered":"http:\/\/actualidadadiario.com\/site\/?p=8850"},"modified":"2017-03-22T09:35:19","modified_gmt":"2017-03-22T12:35:19","slug":"cumbre-de-provincias-para-ajustar-el-gasto","status":"publish","type":"post","link":"https:\/\/www.actualidadadiario.com\/index.php\/2017\/03\/22\/cumbre-de-provincias-para-ajustar-el-gasto\/","title":{"rendered":"Cumbre de provincias para ajustar el gasto"},"content":{"rendered":"<p><em><strong>Se reunir\u00e1n en Mendoza los ministros de Hacienda con funcionarios nacionales para avanzar en nueva ley de Responsabilidad Fiscal<\/strong><\/em><\/p>\n<p>&nbsp;<\/p>\n<p>&nbsp;<\/p>\n<p>&nbsp;<\/p>\n<p>&nbsp;<\/p>\n<p>Los ministros de Hacienda provinciales buscar\u00e1n hoy llegar a un acuerdo para definir un mapa de largo plazo que apunte a controlar los gastos y reducir el d\u00e9ficit, en una cumbre en Mendoza que contar\u00e1 con la presencia de los titulares de las carteras nacionales de Hacienda e Interior, Nicol\u00e1s Dujovne y Rogelio Frigerio, respectivamente.<\/p>\n<p>&nbsp;<\/p>\n<p>La reuni\u00f3n del Consejo Federal de Responsabilidad Fiscal (CFRF) tantear\u00e1 un borrador que -de lograr consenso- podr\u00e1 traducirse en una nueva ley que encolumne a todos los distritos y que evite parches contextuales de cada inicio de per\u00edodo.<\/p>\n<p>&nbsp;<\/p>\n<p>La local\u00eda de Mendoza no ser\u00e1 apenas un dato: se espera la presencia del gobernador radical Alfredo Cornejo y el exministro de Hacienda (desde este mes al frente de Econom\u00eda, Infraestructura y Energ\u00eda), Mart\u00edn Kerchner, apunta a darle un cierre definitivo a sus funciones en aquella cartera.<\/p>\n<p>&nbsp;<\/p>\n<p>Adem\u00e1s de ser el secretario del Comit\u00e9 Ejecutivo del CFRF, Kerchner quiere llevar a esa mesa nacional los ejes del trabajo que ejecut\u00f3 en la provincia, donde lograron bajar el d\u00e9ficit y reorientar gastos desde \u00edtems corrientes hacia la obra p\u00fablica.<\/p>\n<p>&nbsp;<\/p>\n<p>De esta manera, el texto preliminar que discutir\u00e1 el CFRF incluye bullets como:<\/p>\n<p>&nbsp;<\/p>\n<ul>\n<li>Reducci\u00f3n gradual del d\u00e9ficit fiscal.<\/li>\n<\/ul>\n<p>&nbsp;<\/p>\n<ul>\n<li>Crecimiento de planta de personal de estados provinciales atada a crecimiento poblacional.<\/li>\n<\/ul>\n<p>&nbsp;<\/p>\n<ul>\n<li>Incremento de gastos de capital.<\/li>\n<\/ul>\n<p>&nbsp;<\/p>\n<ul>\n<li>Reducci\u00f3n de presi\u00f3n tributaria<\/li>\n<\/ul>\n<p>&nbsp;<\/p>\n<ul>\n<li>Creaci\u00f3n de un fondo antic\u00edclico para enfrentar urgencias locales.<\/li>\n<\/ul>\n<p>&nbsp;<\/p>\n<p>Respecto al d\u00e9ficit, la pretensi\u00f3n apunta a hallar una f\u00f3rmula con el acuerdo de la Casa Rosada y de los gobernadores para definir metas de ajuste del gasto en todos los niveles, que quede plasmada en una norma.<\/p>\n<p>&nbsp;<\/p>\n<p>Tras sucesivas suspensiones de la aplicaci\u00f3n de la ley desde 2011, las provincias y Naci\u00f3n acordaron en octubre pasado metas cuantitativas para este a\u00f1o, como una reducci\u00f3n de d\u00e9ficit del 10% y que el gasto p\u00fablico no supere el crecimiento de la econom\u00eda, entre otros ejes.<\/p>\n<p>&nbsp;<\/p>\n<p>El punto est\u00e1 incluido en el cap\u00edtulo 9 del Presupuesto nacional, y las provincias deben adherir en sus respectivas legislaturas, como ocurrir\u00e1 hoy en el senado mendocino, por caso. Sin embargo, esa b\u00fasqueda legislativa no deja de ser un remiendo ante la falta de un texto m\u00e1s s\u00f3lido, a confluir en una nueva Ley de Responsabilidad Fiscal.<\/p>\n<p>&nbsp;<\/p>\n<p>Integrantes del c\u00f3nclave creen que la reuni\u00f3n de hoy llegar\u00e1 a buen puerto, ya que se trata de metas generales de largo plazo. Aunque, como tiene impulso del gobierno nacional, hay suspenso de la posici\u00f3n que podr\u00e1n tomar provincias peronistas contrarias a Cambiemos. Adem\u00e1s, otros distritos se sentar\u00e1n menos ansiosos, ya que tienen sus gastos bajo control.<\/p>\n","protected":false},"excerpt":{"rendered":"<p>Se reunir\u00e1n en Mendoza los ministros de Hacienda con funcionarios nacionales para avanzar en nueva ley de Responsabilidad Fiscal &nbsp; &nbsp; &nbsp; &nbsp; Los ministros de Hacienda provinciales buscar\u00e1n hoy llegar a un acuerdo para definir un mapa de largo plazo que apunte a controlar los gastos y reducir el d\u00e9ficit, en una cumbre en Mendoza que contar\u00e1 con la presencia de los titulares de las carteras nacionales de Hacienda e Interior, Nicol\u00e1s Dujovne y Rogelio Frigerio, respectivamente. &nbsp; La reuni\u00f3n del Consejo Federal de Responsabilidad Fiscal (CFRF) tantear\u00e1 un&#8230;<\/p>\n","protected":false},"author":3,"featured_media":8851,"comment_status":"closed","ping_status":"closed","sticky":false,"template":"","format":"standard","meta":[],"categories":[2],"tags":[],"_links":{"self":[{"href":"https:\/\/www.actualidadadiario.com\/index.php\/wp-json\/wp\/v2\/posts\/8850"}],"collection":[{"href":"https:\/\/www.actualidadadiario.com\/index.php\/wp-json\/wp\/v2\/posts"}],"about":[{"href":"https:\/\/www.actualidadadiario.com\/index.php\/wp-json\/wp\/v2\/types\/post"}],"author":[{"embeddable":true,"href":"https:\/\/www.actualidadadiario.com\/index.php\/wp-json\/wp\/v2\/users\/3"}],"replies":[{"embeddable":true,"href":"https:\/\/www.actualidadadiario.com\/index.php\/wp-json\/wp\/v2\/comments?post=8850"}],"version-history":[{"count":1,"href":"https:\/\/www.actualidadadiario.com\/index.php\/wp-json\/wp\/v2\/posts\/8850\/revisions"}],"predecessor-version":[{"id":8852,"href":"https:\/\/www.actualidadadiario.com\/index.php\/wp-json\/wp\/v2\/posts\/8850\/revisions\/8852"}],"wp:featuredmedia":[{"embeddable":true,"href":"https:\/\/www.actualidadadiario.com\/index.php\/wp-json\/wp\/v2\/media\/8851"}],"wp:attachment":[{"href":"https:\/\/www.actualidadadiario.com\/index.php\/wp-json\/wp\/v2\/media?parent=8850"}],"wp:term":[{"taxonomy":"category","embeddable":true,"href":"https:\/\/www.actualidadadiario.com\/index.php\/wp-json\/wp\/v2\/categories?post=8850"},{"taxonomy":"post_tag","embeddable":true,"href":"https:\/\/www.actualidadadiario.com\/index.php\/wp-json\/wp\/v2\/tags?post=8850"}],"curies":[{"name":"wp","href":"https:\/\/api.w.org\/{rel}","templated":true}]}}