{"id":8844,"date":"2017-03-22T09:31:45","date_gmt":"2017-03-22T12:31:45","guid":{"rendered":"http:\/\/actualidadadiario.com\/site\/?p=8844"},"modified":"2017-03-22T09:31:45","modified_gmt":"2017-03-22T12:31:45","slug":"nueva-etapa-de-relocalizacion-de-familias-inundadas-en-concordia","status":"publish","type":"post","link":"https:\/\/www.actualidadadiario.com\/index.php\/2017\/03\/22\/nueva-etapa-de-relocalizacion-de-familias-inundadas-en-concordia\/","title":{"rendered":"Nueva etapa de relocalizaci\u00f3n de familias inundadas en Concordia"},"content":{"rendered":"<p><em><strong>Es parte del operativo iniciado en diciembre pasado cuando se trasladaron las familias de los centros de evacuados y se cerraron definitivamente<\/strong><\/em><\/p>\n<p>&nbsp;<\/p>\n<p>&nbsp;<\/p>\n<p>&nbsp;<\/p>\n<p>Tras la hist\u00f3rica inundaci\u00f3n de diciembre del 2015, la Municipalidad de Concordia viene instrumentando, junto al gobierno nacional, el proceso de relocalizaci\u00f3n de las familias inundadas, buscando darles una soluci\u00f3n definitiva.<\/p>\n<p>&nbsp;<\/p>\n<p>En esta oportunidad, son trasladadas las familias, que se encontraban asentadas a la vera del Arroyo Manzores, por calle Maip\u00fa.<\/p>\n<p>&nbsp;<\/p>\n<p>El traslado se realiza al nuevo barrio, conocido popularmente como \u201cex Agua Patito\u201d. &#8220;Es un proceso muy complejo, porque no es s\u00f3lo llevar a las personas, sino que intervienen distintas \u00e1reas del municipio para brindarles acompa\u00f1amiento y la contenci\u00f3n que necesitan&#8221;, se\u00f1al\u00f3 el intendente Enrique Cresto.<\/p>\n<p>&nbsp;<\/p>\n<p>&nbsp;<\/p>\n<p><strong>Parquizar lo inundable<\/strong><\/p>\n<p>Vale recordar que el primer paso del proceso de relocalizaci\u00f3n se dio, una vez instaladas las viviendas &#8220;Toyota&#8221; que envi\u00f3 Naci\u00f3n, a fines del 2016 cuando se concret\u00f3 el traslado de las primeras treinta familias que estaban en los centros de evacuados.<\/p>\n<p>&nbsp;<\/p>\n<p>El paso siguiente fue avanzar con las familias ubicadas por debajo de la cota 14. Una vez que son trasladadas, se procede a la demolici\u00f3n de las viviendas y se comienza con un trabajo de parquizaci\u00f3n para erradicar definitivamente los asentamientos en zonas inundables.<\/p>\n<p>&nbsp;<\/p>\n<p>&nbsp;<\/p>\n<p>&nbsp;<\/p>\n<p><strong>El arroyo<\/strong><\/p>\n<p>&#8220;En articulaci\u00f3n con el Gobierno Provincial se llevar\u00e1 a cabo la segunda etapa del saneamiento del Arroyo Manzores, que cruza a pocos metros de aqu\u00ed&#8221;, precis\u00f3 el intendente de Concordia.<\/p>\n<p>&nbsp;<\/p>\n<p>El objetivo es integrar la zona a la Costanera, \u201cconvirti\u00e9ndose en un gran paseo p\u00fablico&#8221;, agreg\u00f3.<\/p>\n<p>&nbsp;<\/p>\n<p>Al respecto, el vice intendente Armando Gay puntualiz\u00f3 que se agregar\u00e1n &#8220;obras de infraestructura, como iluminaci\u00f3n y cord\u00f3n cuneta\u201d al lugar; buscando una integraci\u00f3n armoniosa con el centro, y del barrio N\u00e9bel con el Lezca, a trav\u00e9s de un puente veh\u00edcular sobre calle Coldaroli\u201d.<\/p>\n<p>&nbsp;<\/p>\n<p>\u201cVa a quedar algo muy lindo, y va a ayudar a que sigan mejorando todos los barrios aleda\u00f1os&#8221;, sostuvo el presidente del Concejo Deliberante.<\/p>\n<p>&nbsp;<\/p>\n<p>Al finalizar los trabajos y si las aguas vuelven a crecer, &#8220;s\u00f3lo va a afectar a espacios p\u00fablicos pero no a familias\u201d, resalt\u00f3 Cresto. A la vez que nuevamente advirti\u00f3 que \u201cno permitiremos a nadie que se instale en estos terrenos\u201d.<\/p>\n<p>&nbsp;<\/p>\n<p>&nbsp;<\/p>\n<p>&nbsp;<\/p>\n<p><strong>250 casas<\/strong><\/p>\n<p>Por \u00faltimo, el jefe comunal enumer\u00f3 que \u201clas primeras 30 familias se trasladaron el a\u00f1o pasado\u201d y ahora \u201cestamos en proceso de 70 m\u00e1s\u201d.<\/p>\n<p>&nbsp;<\/p>\n<p>Pr\u00f3ximamente, \u201cse erradicar\u00e1n 250 familias a las viviendas que se comenzar\u00e1n a construir en d\u00edas m\u00e1s\u201d, adelant\u00f3 Cresto. Subrayando que el convenio correspondiente \u201ccon el gobierno nacional ya est\u00e1 firmado e incluso se ha comenzado con el movimiento de suelo\u201d.<\/p>\n<p>&nbsp;<\/p>\n<p>Adem\u00e1s, el intendente de Concordia dijo que se est\u00e1 muy cerca de la firma de otro convenio, tambi\u00e9n con Naci\u00f3n y por m\u00e1s de 30 millones de pesos, que buscar\u00e1 dotar de toda la infraestructura necesaria a las familias reubicadas en el nuevo barrio, como pavimento y cord\u00f3n cuneta, entre otros servicios.<\/p>\n","protected":false},"excerpt":{"rendered":"<p>Es parte del operativo iniciado en diciembre pasado cuando se trasladaron las familias de los centros de evacuados y se cerraron definitivamente &nbsp; &nbsp; &nbsp; Tras la hist\u00f3rica inundaci\u00f3n de diciembre del 2015, la Municipalidad de Concordia viene instrumentando, junto al gobierno nacional, el proceso de relocalizaci\u00f3n de las familias inundadas, buscando darles una soluci\u00f3n definitiva. &nbsp; En esta oportunidad, son trasladadas las familias, que se encontraban asentadas a la vera del Arroyo Manzores, por calle Maip\u00fa. &nbsp; El traslado se realiza al nuevo barrio, conocido popularmente como \u201cex Agua&#8230;<\/p>\n","protected":false},"author":3,"featured_media":8845,"comment_status":"closed","ping_status":"closed","sticky":false,"template":"","format":"standard","meta":[],"categories":[15],"tags":[],"_links":{"self":[{"href":"https:\/\/www.actualidadadiario.com\/index.php\/wp-json\/wp\/v2\/posts\/8844"}],"collection":[{"href":"https:\/\/www.actualidadadiario.com\/index.php\/wp-json\/wp\/v2\/posts"}],"about":[{"href":"https:\/\/www.actualidadadiario.com\/index.php\/wp-json\/wp\/v2\/types\/post"}],"author":[{"embeddable":true,"href":"https:\/\/www.actualidadadiario.com\/index.php\/wp-json\/wp\/v2\/users\/3"}],"replies":[{"embeddable":true,"href":"https:\/\/www.actualidadadiario.com\/index.php\/wp-json\/wp\/v2\/comments?post=8844"}],"version-history":[{"count":1,"href":"https:\/\/www.actualidadadiario.com\/index.php\/wp-json\/wp\/v2\/posts\/8844\/revisions"}],"predecessor-version":[{"id":8846,"href":"https:\/\/www.actualidadadiario.com\/index.php\/wp-json\/wp\/v2\/posts\/8844\/revisions\/8846"}],"wp:featuredmedia":[{"embeddable":true,"href":"https:\/\/www.actualidadadiario.com\/index.php\/wp-json\/wp\/v2\/media\/8845"}],"wp:attachment":[{"href":"https:\/\/www.actualidadadiario.com\/index.php\/wp-json\/wp\/v2\/media?parent=8844"}],"wp:term":[{"taxonomy":"category","embeddable":true,"href":"https:\/\/www.actualidadadiario.com\/index.php\/wp-json\/wp\/v2\/categories?post=8844"},{"taxonomy":"post_tag","embeddable":true,"href":"https:\/\/www.actualidadadiario.com\/index.php\/wp-json\/wp\/v2\/tags?post=8844"}],"curies":[{"name":"wp","href":"https:\/\/api.w.org\/{rel}","templated":true}]}}