{"id":8841,"date":"2017-03-22T09:30:48","date_gmt":"2017-03-22T12:30:48","guid":{"rendered":"http:\/\/actualidadadiario.com\/site\/?p=8841"},"modified":"2017-03-22T09:30:48","modified_gmt":"2017-03-22T12:30:48","slug":"ingreso-al-senado-el-pliego-de-giorgio-como-postulante-a-vocal-del-stj","status":"publish","type":"post","link":"https:\/\/www.actualidadadiario.com\/index.php\/2017\/03\/22\/ingreso-al-senado-el-pliego-de-giorgio-como-postulante-a-vocal-del-stj\/","title":{"rendered":"Ingres\u00f3 al Senado el pliego de Giorgio como postulante a vocal del STJ"},"content":{"rendered":"<p><em><strong>Ingres\u00f3 ayer a la C\u00e1mara de Senadores el pliego de Miguel \u00c1ngel Giorgio como postulante a vocal del Superior Tribunal de Justicia (STJ) para ocupar la Sala N\u00b0 1 de Procedimientos Constitucionales y Penal<\/strong><\/em><\/p>\n<p>&nbsp;<\/p>\n<p>&nbsp;<\/p>\n<p>&nbsp;<\/p>\n<p>&nbsp;<\/p>\n<p>Giorgio es el juez propuesto por el gobernador, Gustavo Bordet, para ocupar el cargo vacante que dej\u00f3 Carlos Chiara D\u00edaz tras la renuncia del ex vocal en el contexto del juicio pol\u00edtico en su contra. Seg\u00fan se inform\u00f3 oportunamente, Giorgio cuenta con una experiencia de 28 a\u00f1os en la Justicia y actualmente se desempe\u00f1a como vocal del Tribunal de Juicio y Apelaciones de Paran\u00e1.<\/p>\n<p>&nbsp;<\/p>\n<p>Hace aproximadamente un mes, cuando el mandatario provincial propuso a Giorgio como candidato para ocupar la vacante que dej\u00f3 Chiara D\u00edaz, se dej\u00f3 entrever que el vocal del Tribunal de Juicios y Apelaciones tambi\u00e9n hab\u00eda recibido el apoyo de la dirigencia de Cambiemos. &#8220;No imagin\u00e9 esto hace una semana atr\u00e1s&#8221;, dijo entonces el postulante, al tiempo que afirm\u00f3 estar &#8220;gratamente sorprendido&#8221; por la convocatoria y por el apoyo recibido a la propuesta.<\/p>\n<p>&nbsp;<\/p>\n<p>La decisi\u00f3n del gobierno provincial de impulsar un reemplazante de Chiara D\u00edaz se produjo luego de haber evaluado seriamente la posibilidad de reducir por ley los miembros del STJ, lo que finalmente fue descartado.<\/p>\n","protected":false},"excerpt":{"rendered":"<p>Ingres\u00f3 ayer a la C\u00e1mara de Senadores el pliego de Miguel \u00c1ngel Giorgio como postulante a vocal del Superior Tribunal de Justicia (STJ) para ocupar la Sala N\u00b0 1 de Procedimientos Constitucionales y Penal &nbsp; &nbsp; &nbsp; &nbsp; Giorgio es el juez propuesto por el gobernador, Gustavo Bordet, para ocupar el cargo vacante que dej\u00f3 Carlos Chiara D\u00edaz tras la renuncia del ex vocal en el contexto del juicio pol\u00edtico en su contra. Seg\u00fan se inform\u00f3 oportunamente, Giorgio cuenta con una experiencia de 28 a\u00f1os en la Justicia y actualmente&#8230;<\/p>\n","protected":false},"author":3,"featured_media":8842,"comment_status":"closed","ping_status":"closed","sticky":false,"template":"","format":"standard","meta":[],"categories":[15],"tags":[],"_links":{"self":[{"href":"https:\/\/www.actualidadadiario.com\/index.php\/wp-json\/wp\/v2\/posts\/8841"}],"collection":[{"href":"https:\/\/www.actualidadadiario.com\/index.php\/wp-json\/wp\/v2\/posts"}],"about":[{"href":"https:\/\/www.actualidadadiario.com\/index.php\/wp-json\/wp\/v2\/types\/post"}],"author":[{"embeddable":true,"href":"https:\/\/www.actualidadadiario.com\/index.php\/wp-json\/wp\/v2\/users\/3"}],"replies":[{"embeddable":true,"href":"https:\/\/www.actualidadadiario.com\/index.php\/wp-json\/wp\/v2\/comments?post=8841"}],"version-history":[{"count":1,"href":"https:\/\/www.actualidadadiario.com\/index.php\/wp-json\/wp\/v2\/posts\/8841\/revisions"}],"predecessor-version":[{"id":8843,"href":"https:\/\/www.actualidadadiario.com\/index.php\/wp-json\/wp\/v2\/posts\/8841\/revisions\/8843"}],"wp:featuredmedia":[{"embeddable":true,"href":"https:\/\/www.actualidadadiario.com\/index.php\/wp-json\/wp\/v2\/media\/8842"}],"wp:attachment":[{"href":"https:\/\/www.actualidadadiario.com\/index.php\/wp-json\/wp\/v2\/media?parent=8841"}],"wp:term":[{"taxonomy":"category","embeddable":true,"href":"https:\/\/www.actualidadadiario.com\/index.php\/wp-json\/wp\/v2\/categories?post=8841"},{"taxonomy":"post_tag","embeddable":true,"href":"https:\/\/www.actualidadadiario.com\/index.php\/wp-json\/wp\/v2\/tags?post=8841"}],"curies":[{"name":"wp","href":"https:\/\/api.w.org\/{rel}","templated":true}]}}