{"id":8836,"date":"2017-03-22T09:28:09","date_gmt":"2017-03-22T12:28:09","guid":{"rendered":"http:\/\/actualidadadiario.com\/site\/?p=8836"},"modified":"2017-03-22T09:28:09","modified_gmt":"2017-03-22T12:28:09","slug":"los-vacunatorios-de-entre-rios-comienzan-a-aplicar-la-vacuna-antigripal","status":"publish","type":"post","link":"https:\/\/www.actualidadadiario.com\/index.php\/2017\/03\/22\/los-vacunatorios-de-entre-rios-comienzan-a-aplicar-la-vacuna-antigripal\/","title":{"rendered":"Los vacunatorios de Entre R\u00edos comienzan a aplicar la vacuna antigripal"},"content":{"rendered":"<p><em><strong>La campa\u00f1a de vacunaci\u00f3n antigripal, que se extender\u00e1 hasta agosto, inici\u00f3 con la presencia del ministro de Salud, Ariel de la Rosa, en el hospital Gerardo Domagk de Paran\u00e1. \u201cElegimos este efector porque brinda atenci\u00f3n a una barriada importante de la capital provincial\u201d, destac\u00f3. Las dosis previstas para ser aplicadas a los grupos de riesgo suman 221.571<\/strong><\/em><\/p>\n<p>&nbsp;<\/p>\n<p>&nbsp;<\/p>\n<p>&nbsp;<\/p>\n<p>&nbsp;<\/p>\n<p>&nbsp;<\/p>\n<p>\u201cEl lanzamiento de la campa\u00f1a de vacunaci\u00f3n antigripal, en conjunto con Naci\u00f3n, marca el hito del primer d\u00eda de inmunizaci\u00f3n para las enfermedades de invierno. Esto es muy importante para la prevenci\u00f3n de determinadas patolog\u00edas, en especial para los grupos m\u00e1s vulnerables\u201d, manifest\u00f3 el ministro de Salud.<\/p>\n<p>&nbsp;<\/p>\n<p>La campa\u00f1a de vacunaci\u00f3n antigripal est\u00e1 estipulada en el calendario de inmunizaciones anual, entre marzo y agosto, y se desarrolla desde 2010. En la provincia, los grupos de riesgo, pueden acceder a las dosis de manera gratuita en cualquiera de los 357 vacunatorios distribuidos en todo el territorio entrerriano. A partir de la programaci\u00f3n anual realizada por el Programa Ampliado de Inmunizaciones (PAI), que depende de la Direcci\u00f3n de Epidemiolog\u00eda, llegar\u00e1n de manera paulatina y progresiva las 222.571 dosis solicitadas al Ministerio de Salud de la Naci\u00f3n. Esto comprende a las 66.432 dosis pedi\u00e1tricas y las 155.139 vacunas antigripales para adultos.<\/p>\n<p>&nbsp;<\/p>\n<p>\u201cTodos los a\u00f1os se ampl\u00eda el cupo de vacunas porque aumenta el espectro de inmunizaci\u00f3n, lo cual es bueno ya que nos ayuda a prevenir enfermedades muy serias que ocurren en invierno\u201d, afirm\u00f3 De la Rosa.<\/p>\n<p>&nbsp;<\/p>\n<p>Por su parte el director del efector, Lucio Cal\u00ed, manifest\u00f3: \u201cEs un orgullo que se tome el barrio Bajada Grande de Paran\u00e1 como referencia provincial porque tenemos una extensa poblaci\u00f3n a cargo, que supera las 30.000 personas, y el esp\u00edritu de la campa\u00f1a coincide con nuestra actividad fundamental que es la atenci\u00f3n primaria de la salud\u201d.<\/p>\n<p>&nbsp;<\/p>\n<p>En la oportunidad acompa\u00f1aron al ministro, el secretario de Gesti\u00f3n Sanitaria, Sergio Schmunck; junto a los directores de Epidemiolog\u00eda y Atenci\u00f3n M\u00e9dica, Diego Garcilazo y Mario Tizzoni respectivamente; y la responsable del Programa Ampliado de Inmunizaciones (PAI), Albana Gavini.<\/p>\n<p>&nbsp;<\/p>\n<p>&nbsp;<\/p>\n<p>&nbsp;<\/p>\n<p><strong>Grupos de riesgo y cobertura de la vacuna <\/strong><\/p>\n<p>Este a\u00f1o las dosis que se aplicar\u00e1n son trivalentes, que contienen componentes de H1N1, H3N2 e Infuenza B. La responsable del Programa Ampliado de Inmunizaciones, Albana Gavini, inform\u00f3: \u201cLas personas que est\u00e1n dentro de los grupos de riesgo, deben vacunarse todos los a\u00f1os porque las cepas del virus de la influenza cambian. En esta primera etapa, priorizamos a las embarazadas y al personal de Salud, pero desde la semana que viene ya estaremos vacunando a todos los grupos de riesgo\u201d.<\/p>\n<p>&nbsp;<\/p>\n<p>Al igual que todos los a\u00f1os, las mujeres que est\u00e9n cursando cualquier trimestre de gestaci\u00f3n, y el personal de Salud, ser\u00e1n los primeros grupos de riesgo en acceder a la vacunaci\u00f3n. Las primeras, por su condici\u00f3n en la cual la inmunidad se compromete; y los segundos, porque los trabajadores est\u00e1n en contacto con secreciones, personas que tosen y pueden contagiarse.<\/p>\n<p>&nbsp;<\/p>\n<p>La vacunaci\u00f3n es gratuita para los grupos de riesgo en los centros de salud y hospitales con vacunatorios de la provincia. Las personas que padecen enfermedades cr\u00f3nicas tienen que presentarse con un certificado m\u00e9dico que especifique cu\u00e1l es la patolog\u00eda que tienen para recibir la dosis. Las dem\u00e1s personas, que deseen vacunarse y no se encuentren dentro de los grupos de riesgo, deben comprarla de manera privada y aplic\u00e1rsela de forma gratuita en los efectores de la provincia.<\/p>\n<p>&nbsp;<\/p>\n<p>&nbsp;<\/p>\n<p>&nbsp;<\/p>\n<p><strong>Precisiones de la campa\u00f1a <\/strong><\/p>\n<p>La poblaci\u00f3n de riesgo es la que, por su inmunidad, necesita una ayuda para afrontar el virus antigripal y que no le genere en su ciclo una complicaci\u00f3n que lo lleve a la muerte.<\/p>\n<p>&nbsp;<\/p>\n<p>La gripe no es grave si el paciente no tiene la inmunidad comprometida, pero en las personas de riesgo, es necesario otorgar una defensa extra.<\/p>\n<p>&nbsp;<\/p>\n<p>Los pacientes que se encuentran dentro de los grupos de riesgo son los ni\u00f1os entre 6 y 24 meses; las embarazadas y pu\u00e9rperas; personal de Salud; personal esencial (funcionarios del Gobierno, Polic\u00eda, Gendarmer\u00eda, Bomberos, Fuerzas Armadas); personas entre 2 y 64 a\u00f1os con factores de riesgo como enfermedades cr\u00f3nicas (enfermedades respiratorias como asma, fibrosis pulmonar, broncoespasmo, entre otras); cardiopat\u00edas (valvuloplast\u00edas, insuficiencia card\u00edaca, hipertensi\u00f3n arterial, miocardiopat\u00edas); pacientes oncol\u00f3gicos; obesos; diab\u00e9ticos; y personas mayores de 65 a\u00f1os.<\/p>\n","protected":false},"excerpt":{"rendered":"<p>La campa\u00f1a de vacunaci\u00f3n antigripal, que se extender\u00e1 hasta agosto, inici\u00f3 con la presencia del ministro de Salud, Ariel de la Rosa, en el hospital Gerardo Domagk de Paran\u00e1. \u201cElegimos este efector porque brinda atenci\u00f3n a una barriada importante de la capital provincial\u201d, destac\u00f3. Las dosis previstas para ser aplicadas a los grupos de riesgo suman 221.571 &nbsp; &nbsp; &nbsp; &nbsp; &nbsp; \u201cEl lanzamiento de la campa\u00f1a de vacunaci\u00f3n antigripal, en conjunto con Naci\u00f3n, marca el hito del primer d\u00eda de inmunizaci\u00f3n para las enfermedades de invierno. Esto es muy&#8230;<\/p>\n","protected":false},"author":3,"featured_media":8837,"comment_status":"closed","ping_status":"closed","sticky":false,"template":"","format":"standard","meta":[],"categories":[9,15],"tags":[],"_links":{"self":[{"href":"https:\/\/www.actualidadadiario.com\/index.php\/wp-json\/wp\/v2\/posts\/8836"}],"collection":[{"href":"https:\/\/www.actualidadadiario.com\/index.php\/wp-json\/wp\/v2\/posts"}],"about":[{"href":"https:\/\/www.actualidadadiario.com\/index.php\/wp-json\/wp\/v2\/types\/post"}],"author":[{"embeddable":true,"href":"https:\/\/www.actualidadadiario.com\/index.php\/wp-json\/wp\/v2\/users\/3"}],"replies":[{"embeddable":true,"href":"https:\/\/www.actualidadadiario.com\/index.php\/wp-json\/wp\/v2\/comments?post=8836"}],"version-history":[{"count":1,"href":"https:\/\/www.actualidadadiario.com\/index.php\/wp-json\/wp\/v2\/posts\/8836\/revisions"}],"predecessor-version":[{"id":8838,"href":"https:\/\/www.actualidadadiario.com\/index.php\/wp-json\/wp\/v2\/posts\/8836\/revisions\/8838"}],"wp:featuredmedia":[{"embeddable":true,"href":"https:\/\/www.actualidadadiario.com\/index.php\/wp-json\/wp\/v2\/media\/8837"}],"wp:attachment":[{"href":"https:\/\/www.actualidadadiario.com\/index.php\/wp-json\/wp\/v2\/media?parent=8836"}],"wp:term":[{"taxonomy":"category","embeddable":true,"href":"https:\/\/www.actualidadadiario.com\/index.php\/wp-json\/wp\/v2\/categories?post=8836"},{"taxonomy":"post_tag","embeddable":true,"href":"https:\/\/www.actualidadadiario.com\/index.php\/wp-json\/wp\/v2\/tags?post=8836"}],"curies":[{"name":"wp","href":"https:\/\/api.w.org\/{rel}","templated":true}]}}