{"id":8833,"date":"2017-03-22T09:27:22","date_gmt":"2017-03-22T12:27:22","guid":{"rendered":"http:\/\/actualidadadiario.com\/site\/?p=8833"},"modified":"2017-03-22T09:27:22","modified_gmt":"2017-03-22T12:27:22","slug":"se-implementara-en-entre-rios-el-programa-de-reconversion-industrial","status":"publish","type":"post","link":"https:\/\/www.actualidadadiario.com\/index.php\/2017\/03\/22\/se-implementara-en-entre-rios-el-programa-de-reconversion-industrial\/","title":{"rendered":"Se implementar\u00e1 en Entre R\u00edos el Programa de Reconversi\u00f3n Industrial"},"content":{"rendered":"<p><em><strong>La Secretar\u00eda de Ambiente realiz\u00f3 gestiones ante Naci\u00f3n para implementar en Entre R\u00edos el Programa de Reconversi\u00f3n Industrial (PRI), que busca mejorar el desempe\u00f1o ambiental del sector industrial. Se realiz\u00f3 una reuni\u00f3n informativa con t\u00e9cnicos del Ministerio de Ambiente y Desarrollo Sustentable destinada a representantes de industrias y empresas entrerrianas que manifestaron su predisposici\u00f3n a sumarse a la iniciativa. El programa se suma a la pol\u00edtica de reconversi\u00f3n productiva que lleva adelante el Estado provincial<\/strong><\/em><\/p>\n<p>&nbsp;<\/p>\n<p>&nbsp;<\/p>\n<p>&nbsp;<\/p>\n<p>El director General y de Coordinaci\u00f3n, a cargo de la Secretar\u00eda de Ambiente, Roberto Zabala, dio la bienvenida a los presentes y agradeci\u00f3 la presencia de todos. Expres\u00f3 que la voluntad del gobernador Gustavo Bordet, desde el inicio de su gesti\u00f3n de implementar este programa de Reconversi\u00f3n Industrial en la provincia. \u201cDesde la Secretar\u00eda de Ambiente vamos a acompa\u00f1ar al sector empresario en todo el proceso de incorporaci\u00f3n al PRI y trabajaremos en forma articulada y coordinada con Naci\u00f3n y los municipios para facilitar la implementaci\u00f3n\u201d, expres\u00f3 Zabala.<\/p>\n<p>&nbsp;<\/p>\n<p>Y agreg\u00f3: \u201cCon esta convocatoria quer\u00edamos que las empresas conozcan la herramienta que vino a presentar Naci\u00f3n y sepan el inter\u00e9s de la provincia en implementarla\u201d. &#8220;Como Estado tenemos una deuda entre producci\u00f3n y ambiente, eso es lo que estamos modificando. Desde la Provincia venimos trabajando en avanzar hacia la reconversi\u00f3n de distintos sectores y sin duda el Programa de Reconversi\u00f3n Industrial de Naci\u00f3n es un aporte significativo en este sentido&#8221;.<\/p>\n<p>&nbsp;<\/p>\n<p>Del Ministerio de Ambiente y Desarrollo Sustentable de Naci\u00f3n estuvieron presentes la directora de Producci\u00f3n y Consumo Sustentable, Cecilia Hiriart, y Luis Tournier que integra su equipo de trabajo. Y de la Secretar\u00eda de Ambiente de Entre R\u00edos, la directora de Control y Fiscalizaci\u00f3n, Juliana Robledo; la directora de Asuntos Jur\u00eddicos, Pamela Mar\u00eda; el coordinador de Salud Ambiental, Daniel Ben\u00edtez; y t\u00e9cnicos del organismo.<\/p>\n<p>&nbsp;<\/p>\n<p>Adem\u00e1s, las autoridades provinciales y nacionales se trasladaron a Oro Verde donde se reunieron con el intendente, Jos\u00e9 Luis Dum\u00e9, y representantes de los frigor\u00edficos locales que est\u00e1n interesados en sumarse al PRI. Este martes visitar\u00e1n la localidad de Nogoy\u00e1.<\/p>\n<p>&nbsp;<\/p>\n<p>Al t\u00e9rmino de la reuni\u00f3n, el representante de RPB S.A. (Baggio), Juan Ignacio Valls, sostuvo que \u201ces muy importante esta nueva forma de encarar la problem\u00e1tica, de alguna manera, tratando de encontrar el problema ra\u00edz que es ir a los procesos, evitando tirar, reutilizando elementos s\u00f3lidos o l\u00edquidos. Esto requiere inversi\u00f3n pero debemos pensar en c\u00f3mo lo hacemos y tratando de que surjan las mejoras\u201d.<\/p>\n<p>&nbsp;<\/p>\n<p>Valls valor\u00f3 la convocatoria y dijo que \u201cestas cosas hay que hacerlas porque nos hacen m\u00e1s competitivos y sustentables en el tiempo. Hacia ese lado tenemos que ir, trabajando juntos, sector p\u00fablico y privado\u201d.<\/p>\n<p>&nbsp;<\/p>\n<p>Desde la Uni\u00f3n Industrial de Entre R\u00edos (UIER), Leandro Garciand\u00eda, miembro de comisi\u00f3n directiva, destac\u00f3 \u201cla relaci\u00f3n entre Naci\u00f3n y Provincia, la buena predisposici\u00f3n para ayudar a las empresas en el proceso de mejora y gesti\u00f3n ambiental, y la importancia estrat\u00e9gica de lograr planes consensuados entre gobierno y empresas\u201d.<\/p>\n<p>&nbsp;<\/p>\n<p>&nbsp;<\/p>\n<p>&nbsp;<\/p>\n<p><strong>Acerca del programa <\/strong><\/p>\n<p>El PRI se focaliza en el uso eficiente de los recursos, de los procesos productivos, prevenci\u00f3n de la contaminaci\u00f3n y en la mitigaci\u00f3n del cambio clim\u00e1tico. Es un programa de apoyo t\u00e9cnico para mejorar la productividad mitigando los impactos al ambiente. Es un gran paraguas al cual las empresas pueden sumarse para mejorar su producci\u00f3n y hacerlo de manera sustentable, sin da\u00f1ar el ambiente.<\/p>\n<p>&nbsp;<\/p>\n<p>&nbsp;<\/p>\n<p>Se instrumenta a trav\u00e9s de un convenio marco que firmar\u00e1n en lo inmediato el gobernador Gustavo Bordet y el ministro de Ambiente y Desarrollo Sustentable de la Naci\u00f3n, Sergio Begman. Y luego, mediante convenios espec\u00edficos entre cada empresa, la Provincia y Naci\u00f3n.<\/p>\n<p>&nbsp;<\/p>\n<p>Los objetivos espec\u00edficos son la reducci\u00f3n y optimizaci\u00f3n en el uso de los recursos (energ\u00eda, agua, etc) para que la empresa invierta pero ahorre, disminuci\u00f3n de la carga de contaminantes en efluentes l\u00edquidos y gaseosos, optimizar la gesti\u00f3n de residuos s\u00f3lidos urbanos, reducci\u00f3n de los niveles de ruido, vibraciones y olores; implementar un sistema de gesti\u00f3n ambiental; optimizar el control de procesos; remediar sitios contaminados; e implementar la responsabilidad social, entre otros.<\/p>\n<p>&nbsp;<\/p>\n<p>&nbsp;<\/p>\n<p>&nbsp;<\/p>\n<p><strong>Presentes <\/strong><\/p>\n<p>De la convocatoria participaron adem\u00e1s funcionarios de las \u00e1reas de Lecher\u00eda, Industria y Promoci\u00f3n Industrial del Ministerio de Producci\u00f3n de la provincia; funcionarios de los municipios de Crespo y Nogoy\u00e1; directivos de la Uni\u00f3n Industrial de Entre R\u00edos (UIER); representantes de las firmas Schneider SRL; Saigt-Gobain S.A; Johnson Acero; Itasa; Grupo Bolz\u00e1n; Itap\u00e9 S.A; Papelera Entre R\u00edos; Litoral Citrus; Tecnovo; C\u00e1mara de la Industria L\u00e1ctea de Entre R\u00edos; Eriochem; y LAR.<\/p>\n","protected":false},"excerpt":{"rendered":"<p>La Secretar\u00eda de Ambiente realiz\u00f3 gestiones ante Naci\u00f3n para implementar en Entre R\u00edos el Programa de Reconversi\u00f3n Industrial (PRI), que busca mejorar el desempe\u00f1o ambiental del sector industrial. Se realiz\u00f3 una reuni\u00f3n informativa con t\u00e9cnicos del Ministerio de Ambiente y Desarrollo Sustentable destinada a representantes de industrias y empresas entrerrianas que manifestaron su predisposici\u00f3n a sumarse a la iniciativa. El programa se suma a la pol\u00edtica de reconversi\u00f3n productiva que lleva adelante el Estado provincial &nbsp; &nbsp; &nbsp; El director General y de Coordinaci\u00f3n, a cargo de la Secretar\u00eda de&#8230;<\/p>\n","protected":false},"author":3,"featured_media":8834,"comment_status":"closed","ping_status":"closed","sticky":false,"template":"","format":"standard","meta":[],"categories":[15],"tags":[],"_links":{"self":[{"href":"https:\/\/www.actualidadadiario.com\/index.php\/wp-json\/wp\/v2\/posts\/8833"}],"collection":[{"href":"https:\/\/www.actualidadadiario.com\/index.php\/wp-json\/wp\/v2\/posts"}],"about":[{"href":"https:\/\/www.actualidadadiario.com\/index.php\/wp-json\/wp\/v2\/types\/post"}],"author":[{"embeddable":true,"href":"https:\/\/www.actualidadadiario.com\/index.php\/wp-json\/wp\/v2\/users\/3"}],"replies":[{"embeddable":true,"href":"https:\/\/www.actualidadadiario.com\/index.php\/wp-json\/wp\/v2\/comments?post=8833"}],"version-history":[{"count":1,"href":"https:\/\/www.actualidadadiario.com\/index.php\/wp-json\/wp\/v2\/posts\/8833\/revisions"}],"predecessor-version":[{"id":8835,"href":"https:\/\/www.actualidadadiario.com\/index.php\/wp-json\/wp\/v2\/posts\/8833\/revisions\/8835"}],"wp:featuredmedia":[{"embeddable":true,"href":"https:\/\/www.actualidadadiario.com\/index.php\/wp-json\/wp\/v2\/media\/8834"}],"wp:attachment":[{"href":"https:\/\/www.actualidadadiario.com\/index.php\/wp-json\/wp\/v2\/media?parent=8833"}],"wp:term":[{"taxonomy":"category","embeddable":true,"href":"https:\/\/www.actualidadadiario.com\/index.php\/wp-json\/wp\/v2\/categories?post=8833"},{"taxonomy":"post_tag","embeddable":true,"href":"https:\/\/www.actualidadadiario.com\/index.php\/wp-json\/wp\/v2\/tags?post=8833"}],"curies":[{"name":"wp","href":"https:\/\/api.w.org\/{rel}","templated":true}]}}