{"id":8830,"date":"2017-03-22T09:26:34","date_gmt":"2017-03-22T12:26:34","guid":{"rendered":"http:\/\/actualidadadiario.com\/site\/?p=8830"},"modified":"2017-03-22T09:32:03","modified_gmt":"2017-03-22T12:32:03","slug":"bordet-propone-a-uruguay-como-aliado-estrategico-para-el-desarrollo-portuario","status":"publish","type":"post","link":"https:\/\/www.actualidadadiario.com\/index.php\/2017\/03\/22\/bordet-propone-a-uruguay-como-aliado-estrategico-para-el-desarrollo-portuario\/","title":{"rendered":"Bordet propone a Uruguay como aliado estrat\u00e9gico para el desarrollo portuario"},"content":{"rendered":"<p><em><strong>El gobernador Gustavo Bordet coincidi\u00f3 con el ministro de Transporte de Uruguay, V\u00edctor Rossi, en avanzar en mejorar las condiciones de navegaci\u00f3n y trasbordo en el r\u00edo Uruguay. \u201cDesde que se cre\u00f3 el Comit\u00e9 para la Hidrov\u00eda del R\u00edo Uruguay, por primera vez tenemos la navegabilidad en forma activa y tambi\u00e9n por primera vez en nuestra provincia est\u00e1n saliendo contenedores con cadenas de fr\u00edo\u201d, resalt\u00f3 el mandatario desde Montevideo donde acompa\u00f1a a empresarios entrerrianos en una misi\u00f3n comercial<\/strong><\/em><\/p>\n<p>&nbsp;<\/p>\n<p>&nbsp;<\/p>\n<p>&nbsp;<\/p>\n<p>&nbsp;<\/p>\n<p>\u201cLa provincia ha hecho una inversi\u00f3n importante y las salidas por el puerto a Montevideo hacen que nos pongamos de acuerdo para trabajar y tener una trazabilidad en cuanto a que el volumen de carga pueda tener la operatividad necesaria y la cadena funcione perfectamente&#8221;, dijo.<\/p>\n<p>&nbsp;<\/p>\n<p>El mandatario entrerriano, junto a los ministros de la Producci\u00f3n, Carlos Schepens, y de Planeamiento, Luis Benedetto, y el secretario de Comercio Exterior, N\u00e9stor Loggio, acompa\u00f1a a una decena de empresarios entrerrianos en una misi\u00f3n comercial e Institucional en Montevideo, que apunta a desarrollar nuevas vinculaciones comerciales con el vecino pa\u00eds, e incrementar el flujo y calidad del intercambio comercial.<\/p>\n<p>&nbsp;<\/p>\n<p>El entrerriano resalt\u00f3 que en este sentido, &#8220;estamos muy entusiasmados porque no s\u00f3lo producci\u00f3n que sale de Entre R\u00edos, sino que sale tambi\u00e9n de otros puertos de Uruguay y esto habla claramente de integraci\u00f3n fronteriza entre dos pa\u00edses que tenemos prop\u00f3sitos comunes y sistemas productivos tambi\u00e9n comunes y un r\u00edo con lo cual lo compartimos&#8221;.<\/p>\n<p>&nbsp;<\/p>\n<p>Bordet se reuni\u00f3 adem\u00e1s con el presidente del Congreso de Intendentes y alcalde de Montevideo, Daniel Mart\u00ednez, y el intendente de Paysand\u00fa, y titular del Comit\u00e9 Hidrov\u00eda del R\u00edo Uruguay, Guillermo Caraballo, con quienes acord\u00f3 una agenda com\u00fan vinculada a la integraci\u00f3n portuaria, la institucionalizaci\u00f3n del Comit\u00e9 y a obras de saneamiento en ciudades que comparten el curso de agua.<\/p>\n<p>&nbsp;<\/p>\n<p>El mandatario asegur\u00f3 que se seguir\u00e1 trabajando para lograr un mayor volumen de carga fluvial, \u201cpero tambi\u00e9n hablamos de otros proyectos que tenemos en el r\u00edo Uruguay que no son s\u00f3lo comerciales, sino que tienen que ver la prevenci\u00f3n de enfermedades como el dengue, donde venimos trabajando entre los municipios de Uruguay y Argentina\u201d.<\/p>\n<p>&nbsp;<\/p>\n<p>\u201cTambi\u00e9n lo que tiene que ver en materia de educaci\u00f3n, son muchos los estudiantes tanto argentinos que estudian en la Universidad de la Rep\u00fablica y muchos estudiantes del Uruguay que estudian la Universidad Tecnolog\u00eda o la Universidad Nacional de Entre R\u00edos, y esto hace que se requiera de pol\u00edticas comunes, al igual que en materia de turismo. Y para ello necesitamos la institucionalizaci\u00f3n del Comit\u00e9 para la Hidrov\u00eda\u201d.<\/p>\n<p>&nbsp;<\/p>\n<p>&nbsp;<\/p>\n<p>&nbsp;<\/p>\n<p><strong>Intereses comunes <\/strong><\/p>\n<p>El ministro Rossi, explic\u00f3 tras el encuentro que &#8220;es una satisfacci\u00f3n recibir al gobernador en Montevideo y adem\u00e1s porque viene con buenas noticias como siempre, porque hay metas que se han cumplido, cosas que se van logrando y adem\u00e1s siempre hay sue\u00f1os y desaf\u00edos que tenemos por delante&#8221;.<\/p>\n<p>&nbsp;<\/p>\n<p>Dijo que &#8220;aprovechamos a hablar sobre los pasos dados y de todo lo que tenemos por hacer&#8221;.<\/p>\n<p>&nbsp;<\/p>\n<p>Por otra parte, explic\u00f3 que &#8220;el gobierno de Entre R\u00edos fue siempre muy solidario en cuanto a la defensa de intereses comunes y por cierto que nosotros queremos tambi\u00e9n cooperar para resolver los problemas concretos para sacar el mejor provecho de las posibilidades de navegaci\u00f3n y del transporte de carga y la generaci\u00f3n de actividad comercial que eso supone&#8221;.<\/p>\n<p>&nbsp;<\/p>\n<p>&nbsp;<\/p>\n<p>&nbsp;<\/p>\n<p><strong>Navegabilidad <\/strong><\/p>\n<p>El encuentro entre el gobernador entrerriano y el funcionario uruguayo, se produjo apenas finalizado un encuentro entre las delegaciones argentina y uruguaya que se realiz\u00f3 en la isla Mart\u00edn Garc\u00eda, en la que analizaron la conveniencia de algunas obras binacionales que puedan afirmar la comunicaci\u00f3n entre Uruguay y Argentina.<\/p>\n<p>&nbsp;<\/p>\n<p>\u201cCon la recuperaci\u00f3n del canal Mart\u00edn Garc\u00eda a partir del dragado, estamos en condiciones de realizar el llamado para obras de profundizaci\u00f3n y mantenimiento.&#8221;<\/p>\n<p>&nbsp;<\/p>\n<p>\u201cTenemos la posibilidad de discutir otras cosas, como lo puede ser el hecho de que Mart\u00edn Garc\u00eda sea un punto tur\u00edstico en beneficio de uruguayos y argentinos\u201d, afirm\u00f3 finalmente el funcionario uruguayo.<\/p>\n","protected":false},"excerpt":{"rendered":"<p>El gobernador Gustavo Bordet coincidi\u00f3 con el ministro de Transporte de Uruguay, V\u00edctor Rossi, en avanzar en mejorar las condiciones de navegaci\u00f3n y trasbordo en el r\u00edo Uruguay. \u201cDesde que se cre\u00f3 el Comit\u00e9 para la Hidrov\u00eda del R\u00edo Uruguay, por primera vez tenemos la navegabilidad en forma activa y tambi\u00e9n por primera vez en nuestra provincia est\u00e1n saliendo contenedores con cadenas de fr\u00edo\u201d, resalt\u00f3 el mandatario desde Montevideo donde acompa\u00f1a a empresarios entrerrianos en una misi\u00f3n comercial &nbsp; &nbsp; &nbsp; &nbsp; \u201cLa provincia ha hecho una inversi\u00f3n importante y&#8230;<\/p>\n","protected":false},"author":3,"featured_media":8831,"comment_status":"closed","ping_status":"closed","sticky":false,"template":"","format":"standard","meta":[],"categories":[9,15],"tags":[],"_links":{"self":[{"href":"https:\/\/www.actualidadadiario.com\/index.php\/wp-json\/wp\/v2\/posts\/8830"}],"collection":[{"href":"https:\/\/www.actualidadadiario.com\/index.php\/wp-json\/wp\/v2\/posts"}],"about":[{"href":"https:\/\/www.actualidadadiario.com\/index.php\/wp-json\/wp\/v2\/types\/post"}],"author":[{"embeddable":true,"href":"https:\/\/www.actualidadadiario.com\/index.php\/wp-json\/wp\/v2\/users\/3"}],"replies":[{"embeddable":true,"href":"https:\/\/www.actualidadadiario.com\/index.php\/wp-json\/wp\/v2\/comments?post=8830"}],"version-history":[{"count":1,"href":"https:\/\/www.actualidadadiario.com\/index.php\/wp-json\/wp\/v2\/posts\/8830\/revisions"}],"predecessor-version":[{"id":8832,"href":"https:\/\/www.actualidadadiario.com\/index.php\/wp-json\/wp\/v2\/posts\/8830\/revisions\/8832"}],"wp:featuredmedia":[{"embeddable":true,"href":"https:\/\/www.actualidadadiario.com\/index.php\/wp-json\/wp\/v2\/media\/8831"}],"wp:attachment":[{"href":"https:\/\/www.actualidadadiario.com\/index.php\/wp-json\/wp\/v2\/media?parent=8830"}],"wp:term":[{"taxonomy":"category","embeddable":true,"href":"https:\/\/www.actualidadadiario.com\/index.php\/wp-json\/wp\/v2\/categories?post=8830"},{"taxonomy":"post_tag","embeddable":true,"href":"https:\/\/www.actualidadadiario.com\/index.php\/wp-json\/wp\/v2\/tags?post=8830"}],"curies":[{"name":"wp","href":"https:\/\/api.w.org\/{rel}","templated":true}]}}