{"id":8827,"date":"2017-03-21T10:24:23","date_gmt":"2017-03-21T13:24:23","guid":{"rendered":"http:\/\/actualidadadiario.com\/site\/?p=8827"},"modified":"2017-03-21T10:24:23","modified_gmt":"2017-03-21T13:24:23","slug":"tinelli-quedara-a-cargo-de-las-selecciones-nacionales","status":"publish","type":"post","link":"https:\/\/www.actualidadadiario.com\/index.php\/2017\/03\/21\/tinelli-quedara-a-cargo-de-las-selecciones-nacionales\/","title":{"rendered":"Tinelli quedar\u00e1 a cargo de las Selecciones Nacionales"},"content":{"rendered":"<p><em><strong>El vicepresidente de San Lorenzo ser\u00e1 el secretario del \u00e1rea a partir de la asunci\u00f3n de la nueva comisi\u00f3n directiva de la AFA, lo que ocurrir\u00e1 el 29 de marzo pr\u00f3ximo<\/strong><\/em><\/p>\n<p>&nbsp;<\/p>\n<p>&nbsp;<\/p>\n<p>&nbsp;<\/p>\n<p>&nbsp;<\/p>\n<p>&nbsp;<\/p>\n<p>Finalmente, Marcelo Tinelli ser\u00e1 el secretario de Selecciones Nacionales a partir de la asunci\u00f3n de la nueva directiva que, de no mediar alguna objeci\u00f3n del Tribunal de \u00c9tica de la Conmebol, estar\u00e1 a cargo de Claudio Tapia.<\/p>\n<p>&nbsp;<\/p>\n<p>El conductor televisivo tomar\u00e1 su cargo el pr\u00f3ximo 29 de marzo, cuando se lleven a cabo las elecciones que determinar\u00e1n la sucesi\u00f3n de Julio Grondona en la presidencia de la entidad rectora del f\u00fatbol argentino.<\/p>\n<p>&nbsp;<\/p>\n<p>La confirmaci\u00f3n de la versi\u00f3n que daba cuenta del puesto que ocupar\u00e1 el empresario en la nueva gesti\u00f3n fue dada a trav\u00e9s de una nota suscrita por el vicepresidente de la Comisi\u00f3n Regularizadora, Javier Med\u00edn, y el tesorero del organismo, Pablo Toviggino.<\/p>\n<p>&nbsp;<\/p>\n<p>En tanto los futuros 23 miembros (15 titulares y 8 suplentes) del Comit\u00e9 Ejecutivo tendr\u00e1n que realizar el martes un tr\u00e1mite de concurrencia ante un organismo judicial para dar cuenta de que no tienen antecedentes que los inhabiliten en el ejercicio de esa funci\u00f3n.<\/p>\n","protected":false},"excerpt":{"rendered":"<p>El vicepresidente de San Lorenzo ser\u00e1 el secretario del \u00e1rea a partir de la asunci\u00f3n de la nueva comisi\u00f3n directiva de la AFA, lo que ocurrir\u00e1 el 29 de marzo pr\u00f3ximo &nbsp; &nbsp; &nbsp; &nbsp; &nbsp; Finalmente, Marcelo Tinelli ser\u00e1 el secretario de Selecciones Nacionales a partir de la asunci\u00f3n de la nueva directiva que, de no mediar alguna objeci\u00f3n del Tribunal de \u00c9tica de la Conmebol, estar\u00e1 a cargo de Claudio Tapia. &nbsp; El conductor televisivo tomar\u00e1 su cargo el pr\u00f3ximo 29 de marzo, cuando se lleven a cabo&#8230;<\/p>\n","protected":false},"author":3,"featured_media":8828,"comment_status":"closed","ping_status":"closed","sticky":false,"template":"","format":"standard","meta":[],"categories":[4],"tags":[],"_links":{"self":[{"href":"https:\/\/www.actualidadadiario.com\/index.php\/wp-json\/wp\/v2\/posts\/8827"}],"collection":[{"href":"https:\/\/www.actualidadadiario.com\/index.php\/wp-json\/wp\/v2\/posts"}],"about":[{"href":"https:\/\/www.actualidadadiario.com\/index.php\/wp-json\/wp\/v2\/types\/post"}],"author":[{"embeddable":true,"href":"https:\/\/www.actualidadadiario.com\/index.php\/wp-json\/wp\/v2\/users\/3"}],"replies":[{"embeddable":true,"href":"https:\/\/www.actualidadadiario.com\/index.php\/wp-json\/wp\/v2\/comments?post=8827"}],"version-history":[{"count":1,"href":"https:\/\/www.actualidadadiario.com\/index.php\/wp-json\/wp\/v2\/posts\/8827\/revisions"}],"predecessor-version":[{"id":8829,"href":"https:\/\/www.actualidadadiario.com\/index.php\/wp-json\/wp\/v2\/posts\/8827\/revisions\/8829"}],"wp:featuredmedia":[{"embeddable":true,"href":"https:\/\/www.actualidadadiario.com\/index.php\/wp-json\/wp\/v2\/media\/8828"}],"wp:attachment":[{"href":"https:\/\/www.actualidadadiario.com\/index.php\/wp-json\/wp\/v2\/media?parent=8827"}],"wp:term":[{"taxonomy":"category","embeddable":true,"href":"https:\/\/www.actualidadadiario.com\/index.php\/wp-json\/wp\/v2\/categories?post=8827"},{"taxonomy":"post_tag","embeddable":true,"href":"https:\/\/www.actualidadadiario.com\/index.php\/wp-json\/wp\/v2\/tags?post=8827"}],"curies":[{"name":"wp","href":"https:\/\/api.w.org\/{rel}","templated":true}]}}