{"id":8806,"date":"2017-03-21T10:17:45","date_gmt":"2017-03-21T13:17:45","guid":{"rendered":"http:\/\/actualidadadiario.com\/site\/?p=8806"},"modified":"2017-03-21T10:17:45","modified_gmt":"2017-03-21T13:17:45","slug":"arranco-el-paro-nacional-docente-de-48-horas-en-reclamo-de-paritarias","status":"publish","type":"post","link":"https:\/\/www.actualidadadiario.com\/index.php\/2017\/03\/21\/arranco-el-paro-nacional-docente-de-48-horas-en-reclamo-de-paritarias\/","title":{"rendered":"Arranc\u00f3 el paro nacional docente de 48 horas en reclamo de paritarias"},"content":{"rendered":"<p><em><strong>Los gremios docentes de todo el pa\u00eds iniciaron un paro de 48 horas que concluir\u00e1 este mi\u00e9rcoles con la Marcha Federal Educativa en Plaza de Mayo, en reclamo de una paritaria nacional. Mientras tanto, sindicatos bonaerenses y funcionarios provinciales retomaron al di\u00e1logo, con algunos avances<\/strong><\/em><\/p>\n<p>&nbsp;<\/p>\n<p>&nbsp;<\/p>\n<p>&nbsp;<\/p>\n<p>&nbsp;<\/p>\n<p>&nbsp;<\/p>\n<p>Sonia Alesso, titular de CTERA, asegur\u00f3 que las dos jornadas de paro y la convocatoria a Plaza de Mayo tienen como objetivo principal exhortar al Gobierno a que convoque a paritarias nacionales para destrabar los conflictos en las Provincias.<\/p>\n<p>&nbsp;<\/p>\n<p>&#8220;Hasta ahora todas nuestras marchas han sido pac\u00edficas y la agresi\u00f3n siempre ha venido del otro lado. Esperamos que no haya ning\u00fan inconveniente&#8221;, sostuvo la dirigente al ingresar a la sede rosarina del gremio Amsaf\u00e9. Sostuvo que el ministro de Educaci\u00f3n, Esteban Bullrich, &#8220;intent\u00f3 usar algunos elementos para seguir enfrentando a los docentes y echarles la culpa de todos los problemas que tiene la educaci\u00f3n&#8221;. &#8220;En realidad es el ministro el que no est\u00e1 cumpliendo con la Ley de Financiamiento Educativo que puede generar un mejoramiento de la educaci\u00f3n&#8221;, afirm\u00f3.<\/p>\n","protected":false},"excerpt":{"rendered":"<p>Los gremios docentes de todo el pa\u00eds iniciaron un paro de 48 horas que concluir\u00e1 este mi\u00e9rcoles con la Marcha Federal Educativa en Plaza de Mayo, en reclamo de una paritaria nacional. Mientras tanto, sindicatos bonaerenses y funcionarios provinciales retomaron al di\u00e1logo, con algunos avances &nbsp; &nbsp; &nbsp; &nbsp; &nbsp; Sonia Alesso, titular de CTERA, asegur\u00f3 que las dos jornadas de paro y la convocatoria a Plaza de Mayo tienen como objetivo principal exhortar al Gobierno a que convoque a paritarias nacionales para destrabar los conflictos en las Provincias. &nbsp;&#8230;<\/p>\n","protected":false},"author":3,"featured_media":8807,"comment_status":"closed","ping_status":"closed","sticky":false,"template":"","format":"standard","meta":[],"categories":[18],"tags":[],"_links":{"self":[{"href":"https:\/\/www.actualidadadiario.com\/index.php\/wp-json\/wp\/v2\/posts\/8806"}],"collection":[{"href":"https:\/\/www.actualidadadiario.com\/index.php\/wp-json\/wp\/v2\/posts"}],"about":[{"href":"https:\/\/www.actualidadadiario.com\/index.php\/wp-json\/wp\/v2\/types\/post"}],"author":[{"embeddable":true,"href":"https:\/\/www.actualidadadiario.com\/index.php\/wp-json\/wp\/v2\/users\/3"}],"replies":[{"embeddable":true,"href":"https:\/\/www.actualidadadiario.com\/index.php\/wp-json\/wp\/v2\/comments?post=8806"}],"version-history":[{"count":1,"href":"https:\/\/www.actualidadadiario.com\/index.php\/wp-json\/wp\/v2\/posts\/8806\/revisions"}],"predecessor-version":[{"id":8808,"href":"https:\/\/www.actualidadadiario.com\/index.php\/wp-json\/wp\/v2\/posts\/8806\/revisions\/8808"}],"wp:featuredmedia":[{"embeddable":true,"href":"https:\/\/www.actualidadadiario.com\/index.php\/wp-json\/wp\/v2\/media\/8807"}],"wp:attachment":[{"href":"https:\/\/www.actualidadadiario.com\/index.php\/wp-json\/wp\/v2\/media?parent=8806"}],"wp:term":[{"taxonomy":"category","embeddable":true,"href":"https:\/\/www.actualidadadiario.com\/index.php\/wp-json\/wp\/v2\/categories?post=8806"},{"taxonomy":"post_tag","embeddable":true,"href":"https:\/\/www.actualidadadiario.com\/index.php\/wp-json\/wp\/v2\/tags?post=8806"}],"curies":[{"name":"wp","href":"https:\/\/api.w.org\/{rel}","templated":true}]}}