{"id":8803,"date":"2017-03-21T10:17:03","date_gmt":"2017-03-21T13:17:03","guid":{"rendered":"http:\/\/actualidadadiario.com\/site\/?p=8803"},"modified":"2017-03-21T10:17:03","modified_gmt":"2017-03-21T13:17:03","slug":"persico-advirtio-que-el-gobierno-no-entrega-leche-a-los-comedores-desde-diciembre","status":"publish","type":"post","link":"https:\/\/www.actualidadadiario.com\/index.php\/2017\/03\/21\/persico-advirtio-que-el-gobierno-no-entrega-leche-a-los-comedores-desde-diciembre\/","title":{"rendered":"P\u00e9rsico advirti\u00f3 que &#8220;el gobierno no entrega leche a los comedores desde diciembre&#8221;"},"content":{"rendered":"<p><em><strong>El dirigente del Movimiento Evita, Emilio P\u00e9rsico, reclam\u00f3 adem\u00e1s la &#8220;implementaci\u00f3n de la Ley de Emergencia Social&#8221;, que fue sancionada en diciembre pasado pero todav\u00eda no se puso en pr\u00e1ctica<\/strong><\/em><\/p>\n<p>&nbsp;<\/p>\n<p>&nbsp;<\/p>\n<p>&nbsp;<\/p>\n<p>&nbsp;<\/p>\n<p>La situaci\u00f3n social est\u00e1 cada vez m\u00e1s complicada y desde el gobierno escatiman leche a los comedores. &#8220;El reclamo principal es la implementaci\u00f3n de la ley de emergencia social&#8221;, dijo Emilio P\u00e9rsico.<\/p>\n<p>&nbsp;<\/p>\n<p>Consultado sobre cu\u00e1les son los reclamos por los que las organizaciones sociales realizan habituales cortes de calles, el dirigente del Movimiento denunci\u00f3 que los comedores no est\u00e1n recibiendo la cuota de leche porque est\u00e1n ca\u00eddas las licitaciones.<\/p>\n<p>&nbsp;<\/p>\n<p>&#8220;Al gobierno nacional se le cayeron las licitaciones desde diciembre y no reparten leche&#8221;, denunci\u00f3 y agreg\u00f3 que &#8220;la renovaci\u00f3n de los comedores se viene haciendo lenta, no se firma ninguna tambi\u00e9n desde diciembre&#8221;.<\/p>\n<p>&nbsp;<\/p>\n<p>Adem\u00e1s, P\u00e9rsico se\u00f1al\u00f3 que el Gobierno est\u00e1 empleando la mano de obra de los programas de empleo, lo que genera &#8220;vicios sociales&#8221;.<\/p>\n<p>&nbsp;<\/p>\n<p>&#8220;En los programas de empleo s\u00f3lo dos meses tuvieron actividad los compa\u00f1eros, y eso para nosotros desorganiza al sector y genera vicios sociales. El Gobierno habla mucho de los &#8216;planeros&#8217; pero no pone los recursos para que se hagan actividades&#8221;, reflexion\u00f3.<\/p>\n","protected":false},"excerpt":{"rendered":"<p>El dirigente del Movimiento Evita, Emilio P\u00e9rsico, reclam\u00f3 adem\u00e1s la &#8220;implementaci\u00f3n de la Ley de Emergencia Social&#8221;, que fue sancionada en diciembre pasado pero todav\u00eda no se puso en pr\u00e1ctica &nbsp; &nbsp; &nbsp; &nbsp; La situaci\u00f3n social est\u00e1 cada vez m\u00e1s complicada y desde el gobierno escatiman leche a los comedores. &#8220;El reclamo principal es la implementaci\u00f3n de la ley de emergencia social&#8221;, dijo Emilio P\u00e9rsico. &nbsp; Consultado sobre cu\u00e1les son los reclamos por los que las organizaciones sociales realizan habituales cortes de calles, el dirigente del Movimiento denunci\u00f3 que&#8230;<\/p>\n","protected":false},"author":3,"featured_media":8804,"comment_status":"closed","ping_status":"closed","sticky":false,"template":"","format":"standard","meta":[],"categories":[18],"tags":[],"_links":{"self":[{"href":"https:\/\/www.actualidadadiario.com\/index.php\/wp-json\/wp\/v2\/posts\/8803"}],"collection":[{"href":"https:\/\/www.actualidadadiario.com\/index.php\/wp-json\/wp\/v2\/posts"}],"about":[{"href":"https:\/\/www.actualidadadiario.com\/index.php\/wp-json\/wp\/v2\/types\/post"}],"author":[{"embeddable":true,"href":"https:\/\/www.actualidadadiario.com\/index.php\/wp-json\/wp\/v2\/users\/3"}],"replies":[{"embeddable":true,"href":"https:\/\/www.actualidadadiario.com\/index.php\/wp-json\/wp\/v2\/comments?post=8803"}],"version-history":[{"count":1,"href":"https:\/\/www.actualidadadiario.com\/index.php\/wp-json\/wp\/v2\/posts\/8803\/revisions"}],"predecessor-version":[{"id":8805,"href":"https:\/\/www.actualidadadiario.com\/index.php\/wp-json\/wp\/v2\/posts\/8803\/revisions\/8805"}],"wp:featuredmedia":[{"embeddable":true,"href":"https:\/\/www.actualidadadiario.com\/index.php\/wp-json\/wp\/v2\/media\/8804"}],"wp:attachment":[{"href":"https:\/\/www.actualidadadiario.com\/index.php\/wp-json\/wp\/v2\/media?parent=8803"}],"wp:term":[{"taxonomy":"category","embeddable":true,"href":"https:\/\/www.actualidadadiario.com\/index.php\/wp-json\/wp\/v2\/categories?post=8803"},{"taxonomy":"post_tag","embeddable":true,"href":"https:\/\/www.actualidadadiario.com\/index.php\/wp-json\/wp\/v2\/tags?post=8803"}],"curies":[{"name":"wp","href":"https:\/\/api.w.org\/{rel}","templated":true}]}}