{"id":8800,"date":"2017-03-21T10:16:12","date_gmt":"2017-03-21T13:16:12","guid":{"rendered":"http:\/\/actualidadadiario.com\/site\/?p=8800"},"modified":"2017-03-21T10:16:12","modified_gmt":"2017-03-21T13:16:12","slug":"para-la-cgt-el-protocolo-antipiquetes-puede-provocar-una-guerra-de-pobres-contra-pobres","status":"publish","type":"post","link":"https:\/\/www.actualidadadiario.com\/index.php\/2017\/03\/21\/para-la-cgt-el-protocolo-antipiquetes-puede-provocar-una-guerra-de-pobres-contra-pobres\/","title":{"rendered":"Para la CGT, el protocolo antipiquetes puede provocar &#8220;una guerra de pobres contra pobres&#8221;"},"content":{"rendered":"<p><em><strong>Tras el anuncio de Patricia Bullrich, el triunviro de la CGT H\u00e9ctor Daer advirti\u00f3 sobre las consecuencias que puede traer su implementaci\u00f3n. Sostuvo que la medida &#8220;no puede esconder las desigualdades&#8221;<\/strong><\/em><\/p>\n<p>&nbsp;<\/p>\n<p>&nbsp;<\/p>\n<p>&nbsp;<\/p>\n<p>H\u00e9ctor Daer, integrante del triunvirato de la CGT, advirti\u00f3 hoy que el protocolo antipiquetes que el Gobierno nacional quiere llevar a la pr\u00e1ctica \u2013seg\u00fan anunci\u00f3 la ministra de Seguridad, Patricia Bullrich- puede provocar &#8220;una guerra de pobres contra pobres&#8221;.<\/p>\n<p>&nbsp;<\/p>\n<p>&#8220;Ning\u00fan protocolo puede esconder las desigualdades que cada vez son m\u00e1s grandes. Lo que hay que atacar no es el piquete sino las consecuencias que llevan al \u00e9xito a ese piquete&#8221;, sostuvo Daer en declaraciones a radio El Mundo, y estim\u00f3 que &#8220;el camino es otro&#8221;.<\/p>\n<p>&nbsp;<\/p>\n<p>Las cr\u00edticas del secretario de la CGT y diputado del Frente Renovador llegan luego de que la ministra Bullrich anunciara que las fuerzas de seguridad van a actuar frente a las movilizaciones y cortes de calles &#8220;dispersando&#8221; y que eso puede tener &#8220;consecuencias&#8221;.<\/p>\n<p>&nbsp;<\/p>\n<p>Sobres las protestas, reconoci\u00f3 que &#8220;hay algunas que son totalmente sobredimensionados en t\u00e9rminos de que son diez tipos que cortan la (avenida) 9 de Julio&#8221;. Sin embargo, se\u00f1al\u00f3 que hay &#8220;otras marchas a las que habr\u00eda que diferenciar de los piquetes, porque lo que hacen es visibilizar las grandes desigualdades que hay en el pa\u00eds&#8221;.<\/p>\n<p>&nbsp;<\/p>\n<p>El jefe sindical cuestion\u00f3 al Gobierno por actuar seg\u00fan encuestas de opini\u00f3n, al considerar que &#8220;esto es un tema que lo miden en t\u00e9rminos del estado an\u00edmico de la poblaci\u00f3n&#8221;, y alert\u00f3 sobre las consecuencias de la medida. &#8220;Uno no quiere que la calle termine siendo una guerra de pobres contra pobres&#8221;, sostuvo.<\/p>\n","protected":false},"excerpt":{"rendered":"<p>Tras el anuncio de Patricia Bullrich, el triunviro de la CGT H\u00e9ctor Daer advirti\u00f3 sobre las consecuencias que puede traer su implementaci\u00f3n. Sostuvo que la medida &#8220;no puede esconder las desigualdades&#8221; &nbsp; &nbsp; &nbsp; H\u00e9ctor Daer, integrante del triunvirato de la CGT, advirti\u00f3 hoy que el protocolo antipiquetes que el Gobierno nacional quiere llevar a la pr\u00e1ctica \u2013seg\u00fan anunci\u00f3 la ministra de Seguridad, Patricia Bullrich- puede provocar &#8220;una guerra de pobres contra pobres&#8221;. &nbsp; &#8220;Ning\u00fan protocolo puede esconder las desigualdades que cada vez son m\u00e1s grandes. Lo que hay que&#8230;<\/p>\n","protected":false},"author":3,"featured_media":8801,"comment_status":"closed","ping_status":"closed","sticky":false,"template":"","format":"standard","meta":[],"categories":[18],"tags":[],"_links":{"self":[{"href":"https:\/\/www.actualidadadiario.com\/index.php\/wp-json\/wp\/v2\/posts\/8800"}],"collection":[{"href":"https:\/\/www.actualidadadiario.com\/index.php\/wp-json\/wp\/v2\/posts"}],"about":[{"href":"https:\/\/www.actualidadadiario.com\/index.php\/wp-json\/wp\/v2\/types\/post"}],"author":[{"embeddable":true,"href":"https:\/\/www.actualidadadiario.com\/index.php\/wp-json\/wp\/v2\/users\/3"}],"replies":[{"embeddable":true,"href":"https:\/\/www.actualidadadiario.com\/index.php\/wp-json\/wp\/v2\/comments?post=8800"}],"version-history":[{"count":1,"href":"https:\/\/www.actualidadadiario.com\/index.php\/wp-json\/wp\/v2\/posts\/8800\/revisions"}],"predecessor-version":[{"id":8802,"href":"https:\/\/www.actualidadadiario.com\/index.php\/wp-json\/wp\/v2\/posts\/8800\/revisions\/8802"}],"wp:featuredmedia":[{"embeddable":true,"href":"https:\/\/www.actualidadadiario.com\/index.php\/wp-json\/wp\/v2\/media\/8801"}],"wp:attachment":[{"href":"https:\/\/www.actualidadadiario.com\/index.php\/wp-json\/wp\/v2\/media?parent=8800"}],"wp:term":[{"taxonomy":"category","embeddable":true,"href":"https:\/\/www.actualidadadiario.com\/index.php\/wp-json\/wp\/v2\/categories?post=8800"},{"taxonomy":"post_tag","embeddable":true,"href":"https:\/\/www.actualidadadiario.com\/index.php\/wp-json\/wp\/v2\/tags?post=8800"}],"curies":[{"name":"wp","href":"https:\/\/api.w.org\/{rel}","templated":true}]}}