{"id":88,"date":"2016-08-10T12:42:22","date_gmt":"2016-08-10T15:42:22","guid":{"rendered":"http:\/\/actualidadadiario.com\/site\/?p=88"},"modified":"2016-08-22T10:20:30","modified_gmt":"2016-08-22T13:20:30","slug":"para-macri-las-compras-online-son-fundamentales-para-llegar-a-la-pobreza-cero","status":"publish","type":"post","link":"https:\/\/www.actualidadadiario.com\/index.php\/2016\/08\/10\/para-macri-las-compras-online-son-fundamentales-para-llegar-a-la-pobreza-cero\/","title":{"rendered":"Para Macri, las compras online son &#8221;fundamentales&#8221; para llegar a la &#8216;pobreza cero&#8217;"},"content":{"rendered":"<p><em><strong>En la sede de una conocida empresa de internet, el mandatario se despach\u00f3 con una ins\u00f3lita declaraci\u00f3n respecto a una de sus promesas de campa\u00f1a<\/strong><\/em><\/p>\n<p>El presidente Mauricio Macri particip\u00f3 de un acto que se realiz\u00f3 en las oficinas de MercadoLibre, en donde anunci\u00f3 la inversi\u00f3n de 1.500 millones de pesos por parte de la popular compa\u00f1\u00eda de compra y venta online.<\/p>\n<p>En medio de un fuerte operativo de seguridad, que incluy\u00f3 efectivos de la Brigada de Explosivo de la Polic\u00eda Federal, el Grupo Halc\u00f3n y la fuerza bonaerense, el mandatario asegur\u00f3 que estas inversiones generar\u00e1n cerca de 5 mil puestos de trabajo en los pr\u00f3ximos 24 meses.<\/p>\n<p>l respecto, el presidente, fiel a su estilo, se despach\u00f3 con una nueva frase ins\u00f3lita, ya que pronostic\u00f3 que las compras por internet \u201cson una herramienta fundamental\u201d para cumplir con una de sus promesas de campa\u00f1a.<\/p>\n<p>Seg\u00fan Macri, las compras online son &#8220;una herramienta fundamental en este compromiso asumido de caminar hacia un pa\u00eds con pobreza cero\u201d. Estas palabras, por supuesto, llamaron poderosamente la atenci\u00f3n en las redes sociales.<\/p>\n","protected":false},"excerpt":{"rendered":"<p>En la sede de una conocida empresa de internet, el mandatario se despach\u00f3 con una ins\u00f3lita declaraci\u00f3n respecto a una de sus promesas de campa\u00f1a El presidente Mauricio Macri particip\u00f3 de un acto que se realiz\u00f3 en las oficinas de MercadoLibre, en donde anunci\u00f3 la inversi\u00f3n de 1.500 millones de pesos por parte de la popular compa\u00f1\u00eda de compra y venta online. En medio de un fuerte operativo de seguridad, que incluy\u00f3 efectivos de la Brigada de Explosivo de la Polic\u00eda Federal, el Grupo Halc\u00f3n y la fuerza bonaerense, el&#8230;<\/p>\n","protected":false},"author":2,"featured_media":89,"comment_status":"closed","ping_status":"open","sticky":false,"template":"","format":"standard","meta":[],"categories":[9,2],"tags":[11],"_links":{"self":[{"href":"https:\/\/www.actualidadadiario.com\/index.php\/wp-json\/wp\/v2\/posts\/88"}],"collection":[{"href":"https:\/\/www.actualidadadiario.com\/index.php\/wp-json\/wp\/v2\/posts"}],"about":[{"href":"https:\/\/www.actualidadadiario.com\/index.php\/wp-json\/wp\/v2\/types\/post"}],"author":[{"embeddable":true,"href":"https:\/\/www.actualidadadiario.com\/index.php\/wp-json\/wp\/v2\/users\/2"}],"replies":[{"embeddable":true,"href":"https:\/\/www.actualidadadiario.com\/index.php\/wp-json\/wp\/v2\/comments?post=88"}],"version-history":[{"count":2,"href":"https:\/\/www.actualidadadiario.com\/index.php\/wp-json\/wp\/v2\/posts\/88\/revisions"}],"predecessor-version":[{"id":91,"href":"https:\/\/www.actualidadadiario.com\/index.php\/wp-json\/wp\/v2\/posts\/88\/revisions\/91"}],"wp:featuredmedia":[{"embeddable":true,"href":"https:\/\/www.actualidadadiario.com\/index.php\/wp-json\/wp\/v2\/media\/89"}],"wp:attachment":[{"href":"https:\/\/www.actualidadadiario.com\/index.php\/wp-json\/wp\/v2\/media?parent=88"}],"wp:term":[{"taxonomy":"category","embeddable":true,"href":"https:\/\/www.actualidadadiario.com\/index.php\/wp-json\/wp\/v2\/categories?post=88"},{"taxonomy":"post_tag","embeddable":true,"href":"https:\/\/www.actualidadadiario.com\/index.php\/wp-json\/wp\/v2\/tags?post=88"}],"curies":[{"name":"wp","href":"https:\/\/api.w.org\/{rel}","templated":true}]}}