{"id":8797,"date":"2017-03-21T10:14:59","date_gmt":"2017-03-21T13:14:59","guid":{"rendered":"http:\/\/actualidadadiario.com\/site\/?p=8797"},"modified":"2017-03-21T10:14:59","modified_gmt":"2017-03-21T13:14:59","slug":"es-una-verguenza-desconocer-que-la-mayoria-de-los-jubilados-cobran-6-394","status":"publish","type":"post","link":"https:\/\/www.actualidadadiario.com\/index.php\/2017\/03\/21\/es-una-verguenza-desconocer-que-la-mayoria-de-los-jubilados-cobran-6-394\/","title":{"rendered":"&#8220;Es una verg\u00fcenza desconocer que la mayor\u00eda de los jubilados cobran $ 6.394&#8221;"},"content":{"rendered":"<p><em><strong>Luego de que el Presidente Mauricio Macri desconociera el monto de la jubilaci\u00f3n m\u00ednima en una entrevista que le realiz\u00f3 la conductora Mirtha Legrand el \u00faltimo s\u00e1bado desde la Quinta de Olivos -dijo &#8220;nueve mil y pico&#8221;- la diputada por el Frente Renovador (FR), Mirta Tundis, sostuvo que &#8220;es una verg\u00fcenza desconocer que la mayor\u00eda de los jubilados cobra $ 6394&#8221;<\/strong><\/em><\/p>\n<p>&nbsp;<\/p>\n<p>&nbsp;<\/p>\n<p>&nbsp;<\/p>\n<p>&nbsp;<\/p>\n<p>&#8220;No sabe cu\u00e1ntos jubilados hay ni cu\u00e1nto es el m\u00ednimo&#8221;, lanz\u00f3. Para Tundis, los jubilados no son tenidos en cuenta por el Gobierno porque &#8220;vienen de otro extracto pol\u00edtico y desconocen la realidad de los que m\u00e1s necesitan&#8221;. &#8220;Los jubilados no son tenidos en cuenta. El Gobierno genera ahorro a trav\u00e9s de los que menos tienen&#8221;, agreg\u00f3.<\/p>\n<p>&nbsp;<\/p>\n<p>En tanto, sostuvo que &#8220;en las \u00faltimas semanas Anses detect\u00f3 que algunos jubilados que ten\u00edan un haber m\u00ednimo y lo duplicaron con la Reparaci\u00f3n Hist\u00f3rica (programa del Gobierno para ajustar los haberes mal calculados de los jubilados evitando m\u00e1s juicios contra el Estado y destrabar los existentes) lo hicieron por un error de c\u00e1lculo&#8221; por lo que est\u00e1n llamando a los beneficiarios para que devuelvan el dinero. &#8220;Espero que den marcha atr\u00e1s con esto porque es vergonzoso que un jubilado tenga que devolver ese dinero&#8221;, remarc\u00f3.<\/p>\n<p>&nbsp;<\/p>\n<p>Asimismo, Tundis se refiri\u00f3 a los dichos de la vicepresidenta de la Naci\u00f3n, Gabriela Michetti, sostuvo que &#8220;lo m\u00e1s efectivo ser\u00eda evitar las elecciones de medio t\u00e9rmino&#8221;- y en ese marco, opin\u00f3 que las declaraciones tienen que ver con que &#8220;no se quieren enfrentar a la desilusi\u00f3n de la gente&#8221;, en las legislativas de octubre.<\/p>\n<p>&nbsp;<\/p>\n<p>&#8220;Quiz\u00e1 no se quieren enfrentar a la realidad en este momento&#8221;, concluy\u00f3.<\/p>\n","protected":false},"excerpt":{"rendered":"<p>Luego de que el Presidente Mauricio Macri desconociera el monto de la jubilaci\u00f3n m\u00ednima en una entrevista que le realiz\u00f3 la conductora Mirtha Legrand el \u00faltimo s\u00e1bado desde la Quinta de Olivos -dijo &#8220;nueve mil y pico&#8221;- la diputada por el Frente Renovador (FR), Mirta Tundis, sostuvo que &#8220;es una verg\u00fcenza desconocer que la mayor\u00eda de los jubilados cobra $ 6394&#8221; &nbsp; &nbsp; &nbsp; &nbsp; &#8220;No sabe cu\u00e1ntos jubilados hay ni cu\u00e1nto es el m\u00ednimo&#8221;, lanz\u00f3. Para Tundis, los jubilados no son tenidos en cuenta por el Gobierno porque &#8220;vienen&#8230;<\/p>\n","protected":false},"author":3,"featured_media":8798,"comment_status":"closed","ping_status":"closed","sticky":false,"template":"","format":"standard","meta":[],"categories":[18],"tags":[],"_links":{"self":[{"href":"https:\/\/www.actualidadadiario.com\/index.php\/wp-json\/wp\/v2\/posts\/8797"}],"collection":[{"href":"https:\/\/www.actualidadadiario.com\/index.php\/wp-json\/wp\/v2\/posts"}],"about":[{"href":"https:\/\/www.actualidadadiario.com\/index.php\/wp-json\/wp\/v2\/types\/post"}],"author":[{"embeddable":true,"href":"https:\/\/www.actualidadadiario.com\/index.php\/wp-json\/wp\/v2\/users\/3"}],"replies":[{"embeddable":true,"href":"https:\/\/www.actualidadadiario.com\/index.php\/wp-json\/wp\/v2\/comments?post=8797"}],"version-history":[{"count":1,"href":"https:\/\/www.actualidadadiario.com\/index.php\/wp-json\/wp\/v2\/posts\/8797\/revisions"}],"predecessor-version":[{"id":8799,"href":"https:\/\/www.actualidadadiario.com\/index.php\/wp-json\/wp\/v2\/posts\/8797\/revisions\/8799"}],"wp:featuredmedia":[{"embeddable":true,"href":"https:\/\/www.actualidadadiario.com\/index.php\/wp-json\/wp\/v2\/media\/8798"}],"wp:attachment":[{"href":"https:\/\/www.actualidadadiario.com\/index.php\/wp-json\/wp\/v2\/media?parent=8797"}],"wp:term":[{"taxonomy":"category","embeddable":true,"href":"https:\/\/www.actualidadadiario.com\/index.php\/wp-json\/wp\/v2\/categories?post=8797"},{"taxonomy":"post_tag","embeddable":true,"href":"https:\/\/www.actualidadadiario.com\/index.php\/wp-json\/wp\/v2\/tags?post=8797"}],"curies":[{"name":"wp","href":"https:\/\/api.w.org\/{rel}","templated":true}]}}