{"id":8794,"date":"2017-03-21T10:14:04","date_gmt":"2017-03-21T13:14:04","guid":{"rendered":"http:\/\/actualidadadiario.com\/site\/?p=8794"},"modified":"2017-03-21T10:14:04","modified_gmt":"2017-03-21T13:14:04","slug":"en-washington-se-cruzaron-gobierno-y-organismos-de-ddhh-por-situacion-de-milagro-sala","status":"publish","type":"post","link":"https:\/\/www.actualidadadiario.com\/index.php\/2017\/03\/21\/en-washington-se-cruzaron-gobierno-y-organismos-de-ddhh-por-situacion-de-milagro-sala\/","title":{"rendered":"En Washington se cruzaron Gobierno y organismos de DDHH por situaci\u00f3n de Milagro Sala"},"content":{"rendered":"<p><em><strong>Organizaciones sociales y de derechos humanos se cruzaron duramente con representantes del Gobierno ante la Comisi\u00f3n Internacional de Derechos Humanos (CIDH) en Washington por la situaci\u00f3n de la dirigente Milagro Sala, aun cuando el tema estaba fuera de agenda<\/strong><\/em><\/p>\n<p>&nbsp;<\/p>\n<p>&nbsp;<\/p>\n<p>&nbsp;<\/p>\n<p>&nbsp;<\/p>\n<p>&nbsp;<\/p>\n<p>Se trat\u00f3 de una audiencia solicitada por organismos que denuncian la &#8220;criminalizaci\u00f3n de la protesta social&#8221; en Jujuy y en la que no se trat\u00f3 especialmente el caso de la l\u00edder de la Tupac Amaru teniendo en cuenta que en la CIDH estudia una solicitud de medida cautelar para pedir por su liberaci\u00f3n, aunque el tema sobrevol\u00f3 el debate.<\/p>\n<p>&nbsp;<\/p>\n<p>Durante la audiencia, las organizaciones peticionantes (organismos de derechos humanos y dirigentes sociales y sindicales de Jujuy, liderados por el presidente del Centro de Estudios Sociales y Legales (CELS), Horacio Verbitsky) denunciaron que en Jujuy se han violado derechos pol\u00edticos y existe una &#8220;intolerable persecuci\u00f3n&#8221; por parte del gobernador, el radical Gerardo Morales, aliado de la Casa Rosada.<\/p>\n<p>&nbsp;<\/p>\n<p>Adem\u00e1s, el CELS denunci\u00f3 la &#8220;supresi\u00f3n de derechos pol\u00edticos y sociales&#8221; a sectores que realizan protestas en Jujuy y &#8220;criminalizaci\u00f3n&#8221; del &#8220;acampe&#8221; por el que, en diciembre del a\u00f1o pasado, se acus\u00f3 y detuvo a la l\u00edder de la agrupaci\u00f3n y referente del kirchnerismo.<\/p>\n<p>&nbsp;<\/p>\n<p>&#8220;En Jujuy no rige la Constituci\u00f3n Nacional, rige la voluntad del gobernador de la provincia y ese es el n\u00facleo del problema&#8221;, remarc\u00f3 Verbitsky quien adem\u00e1s explic\u00f3 que &#8220;no se mencion\u00f3 a Milagro Sala porque el problema es general en Jujuy&#8221;.<\/p>\n<p>&nbsp;<\/p>\n<p>El presidente del CELS se\u00f1al\u00f3 incluso que el Estado nacional y provincial utilizan &#8220;bellas palabras&#8221; de respeto a los derechos humanos pero que &#8220;en la pr\u00e1ctica es otra cosa, en la pr\u00e1ctica hay palos, gases, gendarmer\u00eda dentro de las empresas&#8221;.<\/p>\n<p>&nbsp;<\/p>\n<p>&#8220;Nos denuncian y reprimen penalmente en las protestas&#8221;, advirti\u00f3 a su vez Rafael Vargas, del Sindicato de Obreros y Empleados del Az\u00facar del Ingenio Ledesma de Jujuy (SOEAIL).<\/p>\n<p>&nbsp;<\/p>\n<p>El sindicalista subray\u00f3 que &#8220;en el \u00faltimo a\u00f1o se intensificaron las causas penales por las protestas&#8221; y denunci\u00f3: &#8220;Nos reprimen y criminalizan y nos persiguen judicialmente para disciplinar y condicionar al gremio que represento y a los otros sindicatos&#8221;.<\/p>\n<p>&nbsp;<\/p>\n<p>A su vez, Fernando Acosta, de la Asociaci\u00f3n de Trabajadores del Estado (ATE) asegur\u00f3 que el gobierno de Jujuy &#8220;dict\u00f3 un decreto por el que suspende la personer\u00eda&#8221; de las organizaciones que realizaron un acampe en el centro juje\u00f1o.<\/p>\n<p>&nbsp;<\/p>\n<p>&#8220;El gobierno de Jujuy detiene, encarcela y mantiene preso a los dirigentes que contin\u00faan con la protesta&#8221;, remarc\u00f3 el dirigente sindical.<\/p>\n<p>&nbsp;<\/p>\n<p>En respuesta a las acusaciones, el fiscal de Estado de Jujuy, Mariano Miranda, asegur\u00f3 que en la provincia &#8220;est\u00e1 plenamente garantizado el derecho de peticionar a las autoridades, de libertad de expresi\u00f3n y a manifestarse&#8221;.<\/p>\n<p>&nbsp;<\/p>\n<p>&#8220;En Jujuy no existe ning\u00fan mecanismo legal ni de facto que criminalice la protesta social&#8221;, afirm\u00f3 Miranda, quien asegur\u00f3 adem\u00e1s que durante 2016 hubo &#8220;1.191 manifestaciones&#8221; y que s\u00f3lo se iniciaron &#8220;nueve causas&#8221; judiciales por protestas.<\/p>\n<p>&nbsp;<\/p>\n<p>El funcionario justific\u00f3 tambi\u00e9n el inicio de causas en el caso de &#8220;el sitio de la plaza&#8221; principal juje\u00f1a, por el que se inici\u00f3 una causa contra Milagro Sala y dijo que la quita de la personer\u00eda jur\u00eddica para la organizaci\u00f3n Tupac Amaru &#8220;se est\u00e1 tramitando en sede judicial&#8221;.<\/p>\n<p>&nbsp;<\/p>\n<p>Por su parte, el secretario de Derechos Humanos, Claudio Avruj, dijo que hay &#8220;un compromiso manifestado por el Presidente de la Naci\u00f3n de avanzar en una sociedad que se base en el respeto&#8221; y expres\u00f3 la voluntad del Gobierno de &#8220;colaborar&#8221; con la CIDH.<\/p>\n<p>&nbsp;<\/p>\n<p>&#8220;El gobierno nacional trabaja permanentemente en relaci\u00f3n con las provincias, en este caso con la de Jujuy, analizando todos los temas. Nosotros creemos que estamos avanzando fuertemente en el cumplimiento de los derechos humanos para toda la sociedad argentina&#8221;, se\u00f1al\u00f3 Avruj.<\/p>\n<p>&nbsp;<\/p>\n<p>Poco despu\u00e9s, en declaraciones radiales, el funcionario se\u00f1alar\u00eda que el caso Sala &#8220;fue presentado como una cuesti\u00f3n pol\u00edtica&#8221; en la audiencia y que la l\u00edder de la Tupac Amaru &#8220;no es una enemiga para el Gobierno&#8221;.<\/p>\n<p>&nbsp;<\/p>\n<p>&#8220;Somos muy claros en la defensa de la agenda abierta de derechos humanos. Hoy estamos tranquilos, se han dado todos los pasos, est\u00e1 en el \u00e1mbito de la Corte. El respeto de los derechos humanos es una cuesti\u00f3n din\u00e1mica que va planteando tensiones permanente y todo lo que se ha hecho en Jujuy est\u00e1 sujeto a derecho&#8221;, subray\u00f3.<\/p>\n<p>&nbsp;<\/p>\n<p>En tanto, el comisionado para Derechos Econ\u00f3micos, Sociales, Culturales y Ambientales de la CIDH, Paulo Vannuchi, resalt\u00f3 en la audiencia que hay &#8220;visiones casi opuestas&#8221; entre las partes y agradeci\u00f3 &#8220;que el nombre de Milagro Sala no fuera mencionado ac\u00e1 porque hay una tensi\u00f3n y una cautelar que est\u00e1n tramit\u00e1ndose&#8221;.<\/p>\n<p>&nbsp;<\/p>\n<p>Vannuchi plante\u00f3 adem\u00e1s que &#8220;muchas veces hay procedimientos judiciales fundamentados pero que tambi\u00e9n son utilizados con fines pol\u00edticos&#8221; para criminalizar la protesta, mientras que Edison Lanza, relator Especial para la Libertad de Expresi\u00f3n, se preocup\u00f3 por se\u00f1alar que sin garant\u00edas para poder manifestarse el derecho a la protesta &#8220;se convierte en algo te\u00f3rico&#8221;.<\/p>\n","protected":false},"excerpt":{"rendered":"<p>Organizaciones sociales y de derechos humanos se cruzaron duramente con representantes del Gobierno ante la Comisi\u00f3n Internacional de Derechos Humanos (CIDH) en Washington por la situaci\u00f3n de la dirigente Milagro Sala, aun cuando el tema estaba fuera de agenda &nbsp; &nbsp; &nbsp; &nbsp; &nbsp; Se trat\u00f3 de una audiencia solicitada por organismos que denuncian la &#8220;criminalizaci\u00f3n de la protesta social&#8221; en Jujuy y en la que no se trat\u00f3 especialmente el caso de la l\u00edder de la Tupac Amaru teniendo en cuenta que en la CIDH estudia una solicitud de&#8230;<\/p>\n","protected":false},"author":3,"featured_media":8795,"comment_status":"closed","ping_status":"closed","sticky":false,"template":"","format":"standard","meta":[],"categories":[18],"tags":[],"_links":{"self":[{"href":"https:\/\/www.actualidadadiario.com\/index.php\/wp-json\/wp\/v2\/posts\/8794"}],"collection":[{"href":"https:\/\/www.actualidadadiario.com\/index.php\/wp-json\/wp\/v2\/posts"}],"about":[{"href":"https:\/\/www.actualidadadiario.com\/index.php\/wp-json\/wp\/v2\/types\/post"}],"author":[{"embeddable":true,"href":"https:\/\/www.actualidadadiario.com\/index.php\/wp-json\/wp\/v2\/users\/3"}],"replies":[{"embeddable":true,"href":"https:\/\/www.actualidadadiario.com\/index.php\/wp-json\/wp\/v2\/comments?post=8794"}],"version-history":[{"count":1,"href":"https:\/\/www.actualidadadiario.com\/index.php\/wp-json\/wp\/v2\/posts\/8794\/revisions"}],"predecessor-version":[{"id":8796,"href":"https:\/\/www.actualidadadiario.com\/index.php\/wp-json\/wp\/v2\/posts\/8794\/revisions\/8796"}],"wp:featuredmedia":[{"embeddable":true,"href":"https:\/\/www.actualidadadiario.com\/index.php\/wp-json\/wp\/v2\/media\/8795"}],"wp:attachment":[{"href":"https:\/\/www.actualidadadiario.com\/index.php\/wp-json\/wp\/v2\/media?parent=8794"}],"wp:term":[{"taxonomy":"category","embeddable":true,"href":"https:\/\/www.actualidadadiario.com\/index.php\/wp-json\/wp\/v2\/categories?post=8794"},{"taxonomy":"post_tag","embeddable":true,"href":"https:\/\/www.actualidadadiario.com\/index.php\/wp-json\/wp\/v2\/tags?post=8794"}],"curies":[{"name":"wp","href":"https:\/\/api.w.org\/{rel}","templated":true}]}}