{"id":8791,"date":"2017-03-21T10:13:05","date_gmt":"2017-03-21T13:13:05","guid":{"rendered":"http:\/\/actualidadadiario.com\/site\/?p=8791"},"modified":"2017-03-21T10:13:05","modified_gmt":"2017-03-21T13:13:05","slug":"contra-los-abusos-de-macri-decimos-el-mundo-con-argentina","status":"publish","type":"post","link":"https:\/\/www.actualidadadiario.com\/index.php\/2017\/03\/21\/contra-los-abusos-de-macri-decimos-el-mundo-con-argentina\/","title":{"rendered":"&#8220;Contra los abusos de Macri, decimos: el mundo con Argentina&#8221;"},"content":{"rendered":"<p><em><strong>Cristina Fern\u00e1ndez de Kirchner public\u00f3 en sus redes sociales una misiva firmada por periodistas, intelectuales y defensores de los Derechos Humanos de distintos pa\u00edses en contra de las pol\u00edticas neoliberales de Mauricio Macri, contra los abusos de poder y la persecuci\u00f3n judicial contra la ex mandataria<\/strong><\/em><\/p>\n<p>&nbsp;<\/p>\n<p>&nbsp;<\/p>\n<p>&nbsp;<\/p>\n<p>&nbsp;<\/p>\n<p>&nbsp;<\/p>\n<p>Cristina Fern\u00e1ndez de Kirchner public\u00f3 en las \u00faltimas horas por las redes sociales, una carta firmada por decenas de personalidades del mundo para expresar su solidaridad &#8220;con el pueblo argentino&#8221; ante &#8220;las pol\u00edticas neoliberales del gobierno de Mauricio Macri&#8221;.<\/p>\n<p>&nbsp;<\/p>\n<p>En la misiva se ven las firmas de reconocidos intelectuales, actores, periodistas y defensores de los Derechos Humanos como Noam Chomsky, Dany Glover, Piedad Cordoba y Emir Sader, entre otros, que adem\u00e1s pidieron por la libertad de la l\u00edder de la Tupac Amar\u00fa, Milagro Sala y remarcaron estar en contra de la persecuci\u00f3n judicial contra la ex presidenta.<\/p>\n<p>&nbsp;<\/p>\n<p>&nbsp;<\/p>\n<p>&nbsp;<\/p>\n<p><strong>La carta<\/strong><\/p>\n<p><em>Los y las abajo firmantes, intelectuales, artistas, defensores de DDHH, comunicadores y referentes pol\u00edticos y gremiales del mundo entero, manifestamos nuestra m\u00e1s plena solidaridad con el pueblo argentino, que enfrenta las pol\u00edticas neoliberales del gobierno de Mauricio Macri.<\/em><\/p>\n<p><em>\u00a0<\/em><\/p>\n<p><em>En apenas quince meses, Macri impuls\u00f3 miles de despidos tanto en la esfera p\u00fablica como privada, devalu\u00f3 la moneda, quit\u00f3 derechos laborales con la nueva ley de ART, avanz\u00f3 sobre los jubilados y sus medicamentos gratuitos, y trat\u00f3 de poner tope a los reclamos salariales ante una inflaci\u00f3n que no cede. La profunda ca\u00edda de la actividad econ\u00f3mica, particularmente la industria, se evidencia en una creciente pauperizaci\u00f3n social: hay en Argentina un mill\u00f3n y medio de pobres nuevos desde el inicio de mandato de Macri, lo que demuestra en cifras la gravedad de la situaci\u00f3n.<\/em><\/p>\n<p><em>\u00a0<\/em><\/p>\n<p><em>Durante estos meses, adem\u00e1s, Argentina tuvo relevancia internacional por diversos casos de corrupci\u00f3n por los que est\u00e1n siendo investigados el presidente y su entorno: Panam\u00e1 Papers, Odebrecht, Avianca, Correo Argentino, entre otros. A esto se le suma el injusto encarcelamiento de la dirigente social Milagro Sala en la provincia de Jujuy, hecho que amerit\u00f3 que diversas organizaciones internacionales (ONU, Parlasur, OEA, Amnesty, entre otras) calificaran como \u201carbitraria\u201d la detenci\u00f3n, pidiendo la inmediata liberaci\u00f3n de la parlamentaria del Mercosur.<\/em><\/p>\n<p><em>Manifestamos, asimismo, nuestra m\u00e1s plena solidaridad con la ex presidenta Cristina Fern\u00e1ndez de Kirchner, que sufre un embate judicial-comunicacional cada vez m\u00e1s pronunciado, lo que termina de conformar un cuadro de grave agresi\u00f3n a la democracia.<\/em><\/p>\n<p><em>\u00a0<\/em><\/p>\n<p><em>Contra los abusos del gobierno de Macri, decimos: el mundo est\u00e1 con Argentina<\/em><\/p>\n<p><em>\u00a0<\/em><\/p>\n<p><em>Las firmas<\/em><\/p>\n","protected":false},"excerpt":{"rendered":"<p>Cristina Fern\u00e1ndez de Kirchner public\u00f3 en sus redes sociales una misiva firmada por periodistas, intelectuales y defensores de los Derechos Humanos de distintos pa\u00edses en contra de las pol\u00edticas neoliberales de Mauricio Macri, contra los abusos de poder y la persecuci\u00f3n judicial contra la ex mandataria &nbsp; &nbsp; &nbsp; &nbsp; &nbsp; Cristina Fern\u00e1ndez de Kirchner public\u00f3 en las \u00faltimas horas por las redes sociales, una carta firmada por decenas de personalidades del mundo para expresar su solidaridad &#8220;con el pueblo argentino&#8221; ante &#8220;las pol\u00edticas neoliberales del gobierno de Mauricio Macri&#8221;&#8230;.<\/p>\n","protected":false},"author":3,"featured_media":8792,"comment_status":"closed","ping_status":"closed","sticky":false,"template":"","format":"standard","meta":[],"categories":[9],"tags":[],"_links":{"self":[{"href":"https:\/\/www.actualidadadiario.com\/index.php\/wp-json\/wp\/v2\/posts\/8791"}],"collection":[{"href":"https:\/\/www.actualidadadiario.com\/index.php\/wp-json\/wp\/v2\/posts"}],"about":[{"href":"https:\/\/www.actualidadadiario.com\/index.php\/wp-json\/wp\/v2\/types\/post"}],"author":[{"embeddable":true,"href":"https:\/\/www.actualidadadiario.com\/index.php\/wp-json\/wp\/v2\/users\/3"}],"replies":[{"embeddable":true,"href":"https:\/\/www.actualidadadiario.com\/index.php\/wp-json\/wp\/v2\/comments?post=8791"}],"version-history":[{"count":1,"href":"https:\/\/www.actualidadadiario.com\/index.php\/wp-json\/wp\/v2\/posts\/8791\/revisions"}],"predecessor-version":[{"id":8793,"href":"https:\/\/www.actualidadadiario.com\/index.php\/wp-json\/wp\/v2\/posts\/8791\/revisions\/8793"}],"wp:featuredmedia":[{"embeddable":true,"href":"https:\/\/www.actualidadadiario.com\/index.php\/wp-json\/wp\/v2\/media\/8792"}],"wp:attachment":[{"href":"https:\/\/www.actualidadadiario.com\/index.php\/wp-json\/wp\/v2\/media?parent=8791"}],"wp:term":[{"taxonomy":"category","embeddable":true,"href":"https:\/\/www.actualidadadiario.com\/index.php\/wp-json\/wp\/v2\/categories?post=8791"},{"taxonomy":"post_tag","embeddable":true,"href":"https:\/\/www.actualidadadiario.com\/index.php\/wp-json\/wp\/v2\/tags?post=8791"}],"curies":[{"name":"wp","href":"https:\/\/api.w.org\/{rel}","templated":true}]}}