{"id":8788,"date":"2017-03-21T10:11:41","date_gmt":"2017-03-21T13:11:41","guid":{"rendered":"http:\/\/actualidadadiario.com\/site\/?p=8788"},"modified":"2017-03-21T10:11:41","modified_gmt":"2017-03-21T13:11:41","slug":"nacion-y-provincias-apuran-formula-de-ajustar-gasto-por-ley","status":"publish","type":"post","link":"https:\/\/www.actualidadadiario.com\/index.php\/2017\/03\/21\/nacion-y-provincias-apuran-formula-de-ajustar-gasto-por-ley\/","title":{"rendered":"Naci\u00f3n y provincias apuran f\u00f3rmula de ajustar gasto por ley"},"content":{"rendered":"<p><em><strong>Mauricio Macri apuesta a discutir una nueva norma de Responsabilidad Fiscal en el Congreso; buscan consensuar mecanismo de control y votarlo en 2018<\/strong><\/em><\/p>\n<p>&nbsp;<\/p>\n<p>&nbsp;<\/p>\n<p>&nbsp;<\/p>\n<p>&nbsp;<\/p>\n<p>&nbsp;<\/p>\n<p>&nbsp;<\/p>\n<p>En el marco de una cumbre que se desarrollar\u00e1 ma\u00f1ana en Mendoza y que contar\u00e1 con la presencia de Nicol\u00e1s Dujovne (Hacienda) y Rogelio Frigerio (Interior), el Gobierno nacional y las provincias buscar\u00e1n darle la puntada final a los lineamientos centrales para enviar y discutir en el Congreso nacional una nueva Ley de Responsabilidad Fiscal.<\/p>\n<p>&nbsp;<\/p>\n<p>En t\u00e9rminos pr\u00e1cticos, la pretensi\u00f3n apunta, entre otros ejes, a hallar una f\u00f3rmula consensuada entre la Casa Rosada y los gobernadores para definir metas de ajuste del gasto de Naci\u00f3n y de las provincias, que quede plasmada en una norma.<\/p>\n<p>&nbsp;<\/p>\n<p>Tras sucesivas suspensiones de la aplicaci\u00f3n de la ley desde 2011, las provincias y Naci\u00f3n acordaron en octubre pasado, de manera transitoria, algunas metas cuantitativas para este a\u00f1o, como una reducci\u00f3n de d\u00e9ficit del 10% y que el gasto p\u00fablico no supere el crecimiento de la econom\u00eda, entre otros ejes.<\/p>\n<p>&nbsp;<\/p>\n<p>Esos puntos ya forman parte del Presupuesto nacional de este a\u00f1o y se invit\u00f3 a las provincias a adherir.<\/p>\n<p>&nbsp;<\/p>\n<p>Pero ahora la aspiraci\u00f3n apunta a formalizar por ley una f\u00f3rmula diferente de control del gasto, que no est\u00e9 atada al nivel de recursos que ingresan a la provincia. Un control del gasto sin variables ex\u00f3genas, como las remesas de coparticipaci\u00f3n u otras transferencias.<\/p>\n<p>&nbsp;<\/p>\n<p>La pretensi\u00f3n del oficialismo apunta a que la discusi\u00f3n llegue al recinto parlamentario en 2018.<\/p>\n<p>&nbsp;<\/p>\n<p>La avanzada ser\u00e1 parte central de la agenda de una nueva reuni\u00f3n del Consejo Federal de Responsabilidad Fiscal, que se desarrollar\u00e1 ma\u00f1ana en Mendoza y reunir\u00e1 a Dujovne -tras su paso por Londres- y Frigerio con los ministros de Econom\u00eda de las provincias.<\/p>\n<p>&nbsp;<\/p>\n<p>&#8220;El objetivo es marcar todos los lineamientos para la redacci\u00f3n de la nueva ley con nuevas reglas de gasto, de transparencia, de endeudamiento y de condiciones para transiciones de mandato&#8221;, asegur\u00f3 ayer a este diario el subsecretario de Relaci\u00f3n con Provincias del Ministerio del Interior, Paulino Caballero, quien ser\u00e1 parte de la representaci\u00f3n del Gobierno nacional.<\/p>\n<p>&nbsp;<\/p>\n<p>Con el enjambre de ministros econ\u00f3micos de las provincias ya en tierra mendocina, la grilla de actividades arrancar\u00e1 en rigor hoy, de la mano de un encuentro de la Comisi\u00f3n Federal de Impuestos en Guaymall\u00e9n y una mesa de debate con universidades en torno a otra reforma de peso -y no exenta de pol\u00e9mica- que impulsa Macri: la de un nuevo reparto de la coparticipaci\u00f3n, en funci\u00f3n de criterios de mayor equidad y federalismo.<\/p>\n<p>&nbsp;<\/p>\n<p>Ma\u00f1ana, en tanto, ser\u00e1 el turno de la reuni\u00f3n del Consejo Federal de Responsabilidad Fiscal, tambi\u00e9n en la arena cuyana.<\/p>\n<p>&nbsp;<\/p>\n<p>All\u00ed los enviados nacionales y provinciales buscar\u00e1n terminar de consensuar los ejes centrales para una nueva Ley de Responsabilidad Fiscal, a partir de un paquete de premisas en el que ya trabajaron el grupo acotado de provincias que integran el Comit\u00e9 Ejecutivo del Consejo.<\/p>\n<p>&nbsp;<\/p>\n<p>El lote incluye nuevas reglas en materia de control del gasto, de transparencia, de endeudamiento y de condiciones de gesti\u00f3n en transiciones de mandato (que no se tomen medidas de car\u00e1cter permanente), entre otros rubros.<\/p>\n<p>&nbsp;<\/p>\n<p>Tambi\u00e9n apuntar\u00e1n a permitir que cada provincia pueda armar un fondo antic\u00edclico para enfrentar situaciones de urgencia locales y a definir indicadores de topes de gasto en personal, para evitar desbordes en un rubro que explica buena parte del gasto en las provincias.<\/p>\n<p>&nbsp;<\/p>\n<p>Una vez que emane del Consejo una propuesta formal de reforma de la Ley de Responsabilidad Fiscal -un escenario que podr\u00eda darse ma\u00f1ana, si se arriba a una instancia de consenso-, la iniciativa deber\u00e1 ser aprobada por el Congreso nacional y, luego, por las Legislaturas provinciales.<\/p>\n<p>&nbsp;<\/p>\n<p>En la discusi\u00f3n de ma\u00f1ana adem\u00e1s se avanzar\u00e1 en el debate con Naci\u00f3n en pos de una reforma tributaria amplia que le ponga un techo a la presi\u00f3n de impuestos distorsivos -no crear nuevos tributos ni subir al\u00edcuotas-, como el Impuesto a los Ingresos Brutos.<\/p>\n<p>&nbsp;<\/p>\n<p>En este marco, desde Londres, ayer Dujovne sostuvo que el Gobierno se comprometi\u00f3 &#8220;a mantener el gasto real constante en t\u00e9rminos reales, as\u00ed mientras la econom\u00eda crece, la proporci\u00f3n del gasto en relaci\u00f3n con el PIB comenzar\u00e1 a caer paulatinamente hasta alcanzar niveles m\u00e1s normales, luego de alcanzar su m\u00e1ximo en 2015&#8221;.<\/p>\n<p>&nbsp;<\/p>\n<p>&#8220;La meta es crear las condiciones para que la Argentina crezca a una tasa del 3% o 4% anual de forma persistente y sustentable por muchos a\u00f1os, y as\u00ed vencer a la pobreza y la desigualdad. Y crear un gran pa\u00eds para vivir&#8221;, se\u00f1al\u00f3.<\/p>\n","protected":false},"excerpt":{"rendered":"<p>Mauricio Macri apuesta a discutir una nueva norma de Responsabilidad Fiscal en el Congreso; buscan consensuar mecanismo de control y votarlo en 2018 &nbsp; &nbsp; &nbsp; &nbsp; &nbsp; &nbsp; En el marco de una cumbre que se desarrollar\u00e1 ma\u00f1ana en Mendoza y que contar\u00e1 con la presencia de Nicol\u00e1s Dujovne (Hacienda) y Rogelio Frigerio (Interior), el Gobierno nacional y las provincias buscar\u00e1n darle la puntada final a los lineamientos centrales para enviar y discutir en el Congreso nacional una nueva Ley de Responsabilidad Fiscal. &nbsp; En t\u00e9rminos pr\u00e1cticos, la pretensi\u00f3n&#8230;<\/p>\n","protected":false},"author":3,"featured_media":8789,"comment_status":"closed","ping_status":"closed","sticky":false,"template":"","format":"standard","meta":[],"categories":[2],"tags":[],"_links":{"self":[{"href":"https:\/\/www.actualidadadiario.com\/index.php\/wp-json\/wp\/v2\/posts\/8788"}],"collection":[{"href":"https:\/\/www.actualidadadiario.com\/index.php\/wp-json\/wp\/v2\/posts"}],"about":[{"href":"https:\/\/www.actualidadadiario.com\/index.php\/wp-json\/wp\/v2\/types\/post"}],"author":[{"embeddable":true,"href":"https:\/\/www.actualidadadiario.com\/index.php\/wp-json\/wp\/v2\/users\/3"}],"replies":[{"embeddable":true,"href":"https:\/\/www.actualidadadiario.com\/index.php\/wp-json\/wp\/v2\/comments?post=8788"}],"version-history":[{"count":1,"href":"https:\/\/www.actualidadadiario.com\/index.php\/wp-json\/wp\/v2\/posts\/8788\/revisions"}],"predecessor-version":[{"id":8790,"href":"https:\/\/www.actualidadadiario.com\/index.php\/wp-json\/wp\/v2\/posts\/8788\/revisions\/8790"}],"wp:featuredmedia":[{"embeddable":true,"href":"https:\/\/www.actualidadadiario.com\/index.php\/wp-json\/wp\/v2\/media\/8789"}],"wp:attachment":[{"href":"https:\/\/www.actualidadadiario.com\/index.php\/wp-json\/wp\/v2\/media?parent=8788"}],"wp:term":[{"taxonomy":"category","embeddable":true,"href":"https:\/\/www.actualidadadiario.com\/index.php\/wp-json\/wp\/v2\/categories?post=8788"},{"taxonomy":"post_tag","embeddable":true,"href":"https:\/\/www.actualidadadiario.com\/index.php\/wp-json\/wp\/v2\/tags?post=8788"}],"curies":[{"name":"wp","href":"https:\/\/api.w.org\/{rel}","templated":true}]}}