{"id":8782,"date":"2017-03-21T10:10:02","date_gmt":"2017-03-21T13:10:02","guid":{"rendered":"http:\/\/actualidadadiario.com\/site\/?p=8782"},"modified":"2017-03-21T10:10:02","modified_gmt":"2017-03-21T13:10:02","slug":"por-las-compras-de-argentinos-en-chile-cierran-mas-de-400-comercios-en-mendoza","status":"publish","type":"post","link":"https:\/\/www.actualidadadiario.com\/index.php\/2017\/03\/21\/por-las-compras-de-argentinos-en-chile-cierran-mas-de-400-comercios-en-mendoza\/","title":{"rendered":"Por las compras de argentinos en Chile, cierran m\u00e1s de 400 comercios en Mendoza"},"content":{"rendered":"<p><em><strong>Junto con la ca\u00edda de las ventas por la inflaci\u00f3n y el aumento de argentinos que viajan a Chile por los precios baratos, trajo un verdadero dolor de cabeza para los comerciantes de la econom\u00eda local. Por ello, la Federaci\u00f3n Econ\u00f3mica de Mendoza inform\u00f3 que en el \u00faltimo a\u00f1o cerraron 400 tiendas en la provincia cuyana<\/strong><\/em><\/p>\n<p>&nbsp;<\/p>\n<p>&nbsp;<\/p>\n<p>&nbsp;<\/p>\n<p>El presidente de la entidad de la Federaci\u00f3n Econ\u00f3mica de Mendoza (FEM), Adolfo Parodi, coment\u00f3 preocupado que &#8220;los cierres se deben a la ca\u00edda de ventas provocada por la competencia con los comerciantes chilenos&#8221; y advirti\u00f3 que &#8220;si no se compensan de alguna forma\u00a0 las diferencias de precios que existen entre las tiendas locales y las del pa\u00eds vecino, seguir\u00e1n cerrando comercios&#8221;.<\/p>\n<p>&nbsp;<\/p>\n<p>Los negocios que se fundieron y que m\u00e1s sufrieron la recesi\u00f3n, la inflaci\u00f3n y la competencia con Chile fueron los rubros de indumentaria, calzados, librer\u00eda y papeler\u00eda.<\/p>\n<p>&nbsp;<\/p>\n<p>&#8220;La recesi\u00f3n econ\u00f3mica provoc\u00f3 ca\u00eddas en las ventas minoristas de todo el pa\u00eds, pero la situaci\u00f3n fue mucho m\u00e1s grave en las provincias que son lim\u00edtrofes de pa\u00edses que tienen precios m\u00e1s bajos&#8221;, indicaron voceros de la Confederaci\u00f3n Argentina de la Mediana Empresa (CAME).<\/p>\n<p>&nbsp;<\/p>\n<p>Adem\u00e1s indicaron que en la regi\u00f3n Cuyo las ventas cayeron un &#8220;6,9% en volumen y en el Noroeste Argentino (competencia con Paraguay) bajaron 6,4% respectivamente&#8221;, se\u00f1alaron desde CAME.<\/p>\n<p>&nbsp;<\/p>\n<p>&#8220;En 2016 Argentina le import\u00f3 un 20% m\u00e1s a Chile por las compras minoristas que hicieron los turistas con tarjetas de cr\u00e9dito y d\u00e9bito (sin contabilizar los pagos en efectivo) que por lo que entr\u00f3 por la balanza comercial formal. Fueron U$S 830 millones importados por turistas buscadores de precios contra U$S 689 millones que se import\u00f3 por aduanas&#8221;, indicaron en CAME.\u00a0 &#8220;Esas cifras demuestran la enorme cantidad de compras que dejaron de hacerse en el comercio local para realizarse en el mercado trasandino&#8221;, comentaron.<\/p>\n","protected":false},"excerpt":{"rendered":"<p>Junto con la ca\u00edda de las ventas por la inflaci\u00f3n y el aumento de argentinos que viajan a Chile por los precios baratos, trajo un verdadero dolor de cabeza para los comerciantes de la econom\u00eda local. Por ello, la Federaci\u00f3n Econ\u00f3mica de Mendoza inform\u00f3 que en el \u00faltimo a\u00f1o cerraron 400 tiendas en la provincia cuyana &nbsp; &nbsp; &nbsp; El presidente de la entidad de la Federaci\u00f3n Econ\u00f3mica de Mendoza (FEM), Adolfo Parodi, coment\u00f3 preocupado que &#8220;los cierres se deben a la ca\u00edda de ventas provocada por la competencia con&#8230;<\/p>\n","protected":false},"author":3,"featured_media":8783,"comment_status":"closed","ping_status":"closed","sticky":false,"template":"","format":"standard","meta":[],"categories":[2],"tags":[],"_links":{"self":[{"href":"https:\/\/www.actualidadadiario.com\/index.php\/wp-json\/wp\/v2\/posts\/8782"}],"collection":[{"href":"https:\/\/www.actualidadadiario.com\/index.php\/wp-json\/wp\/v2\/posts"}],"about":[{"href":"https:\/\/www.actualidadadiario.com\/index.php\/wp-json\/wp\/v2\/types\/post"}],"author":[{"embeddable":true,"href":"https:\/\/www.actualidadadiario.com\/index.php\/wp-json\/wp\/v2\/users\/3"}],"replies":[{"embeddable":true,"href":"https:\/\/www.actualidadadiario.com\/index.php\/wp-json\/wp\/v2\/comments?post=8782"}],"version-history":[{"count":1,"href":"https:\/\/www.actualidadadiario.com\/index.php\/wp-json\/wp\/v2\/posts\/8782\/revisions"}],"predecessor-version":[{"id":8784,"href":"https:\/\/www.actualidadadiario.com\/index.php\/wp-json\/wp\/v2\/posts\/8782\/revisions\/8784"}],"wp:featuredmedia":[{"embeddable":true,"href":"https:\/\/www.actualidadadiario.com\/index.php\/wp-json\/wp\/v2\/media\/8783"}],"wp:attachment":[{"href":"https:\/\/www.actualidadadiario.com\/index.php\/wp-json\/wp\/v2\/media?parent=8782"}],"wp:term":[{"taxonomy":"category","embeddable":true,"href":"https:\/\/www.actualidadadiario.com\/index.php\/wp-json\/wp\/v2\/categories?post=8782"},{"taxonomy":"post_tag","embeddable":true,"href":"https:\/\/www.actualidadadiario.com\/index.php\/wp-json\/wp\/v2\/tags?post=8782"}],"curies":[{"name":"wp","href":"https:\/\/api.w.org\/{rel}","templated":true}]}}