{"id":878,"date":"2016-09-12T09:42:20","date_gmt":"2016-09-12T12:42:20","guid":{"rendered":"http:\/\/actualidadadiario.com\/site\/?p=878"},"modified":"2016-09-12T09:42:20","modified_gmt":"2016-09-12T12:42:20","slug":"cta-dice-que-no-hacen-paro-contra-un-presidente","status":"publish","type":"post","link":"https:\/\/www.actualidadadiario.com\/index.php\/2016\/09\/12\/cta-dice-que-no-hacen-paro-contra-un-presidente\/","title":{"rendered":"CTA dice que no hacen paro &#8220;contra un presidente&#8221;"},"content":{"rendered":"<p><em><strong>El ministro de Trabajo cuestion\u00f3 que algunos dirigentes &#8220;buscan politizar&#8221; los encuentros con el gobierno. En tanto, el l\u00edder de la CTA, Pablo Micheli, resalt\u00f3 que\u00a0&#8220;si no hay respuestas, habr\u00e1 paro&#8221;\u00a0porque &#8220;estamos preocupados por una situaci\u00f3n que no se avizora que vaya a mejorar&#8221;<\/strong><\/em><\/p>\n<p>&nbsp;<\/p>\n<p>&nbsp;<\/p>\n<p>El ministro de Trabajo, Jorge Triaca, le pidi\u00f3 este domingo\u00a0&#8220;prudencia&#8221; a los sindicalistas ante las amenazas de paro, mientras el jefe de la CTA Aut\u00f3noma, Pablo Micheli, aclar\u00f3 que desde sus sectores\u00a0&#8220;nunca&#8221; hac\u00edan huelgas &#8220;contra un gobierno o un presidente&#8221;.<br \/>\nLuego de las sendas reuniones que mantuvo con los referentes de la CGT y de la CTA, Triaca cuestion\u00f3 que algunos dirigentes &#8220;buscan politizar estas reuniones&#8221; y fueron a los encuentros &#8220;con lo que iban a salir diciendo de antemano&#8221;.<\/p>\n<p>Triaca tambi\u00e9n confirm\u00f3 que a fines de septiembre van a presentar el proyecto para modificar las escalas del impuesto a las Ganancias, al destacar que &#8220;hay que cuidar el financiamiento del Estado, pero tambi\u00e9n el bolsillo de los trabajadores&#8221;.<\/p>\n<p>&#8220;No creemos que haya un agitaci\u00f3n de la situaci\u00f3n social por s\u00ed misma. Vemos que hay una acci\u00f3n pol\u00edtica tratando de plantear cosas que no son las que la mayor\u00eda de la gente est\u00e1 sintiendo&#8221;,\u00a0afirm\u00f3 Triaca.<\/p>\n<p>En declaraciones radiales, el ministro de Trabajo sostuvo que &#8220;la conflictividad social tiene su origen en el estancamiento de la econom\u00eda Argentina de los \u00faltimos cinco a\u00f1os&#8221; cuando &#8220;no ha crecido el nivel de empleo y ha crecido la poblaci\u00f3n&#8221;.<\/p>\n<p>&#8220;Este a\u00f1o nos hemos puesto como objetivo de Gobierno tender todas las mesas de di\u00e1logo posible para tratar de morigerar la situaci\u00f3n y entender que la Argentina de los buenos y los malos no va m\u00e1s&#8221;, enfatiz\u00f3.<\/p>\n<p>El funcionario destac\u00f3 que el Gobierno tiene &#8220;vocaci\u00f3n de di\u00e1logo&#8221; frente a los reclamos del sector sindical, pero cuestion\u00f3 que &#8220;algunos ya ven\u00edan (a las reuniones) con lo que iban a salir diciendo de antemano&#8221;.<\/p>\n<p>&#8220;M\u00e1s all\u00e1 de encontrarnos y buscar los consensos, hay algunos que tienden a politizar las reuniones&#8221;, reproch\u00f3 Triaca, quien insisti\u00f3 en que &#8220;el di\u00e1logo es bueno con la mayor\u00eda de los dirigentes, se ha cambiado ese paradigma&#8221;.<\/p>\n<p>Triaca sostuvo que\u00a0&#8220;cuando le pedimos a los dirigentes prudencia es porque entendemos que estos problemas que ellos plantean se van a ir solucionando&#8221;.<\/p>\n<p>Frente a esta situaci\u00f3n, dijo que le &#8220;gustar\u00eda ver dirigentes mucho m\u00e1s propositivos, dirigentes que nos propongan c\u00f3mo solucionamos el problema del empleo joven, dirigentes que nos propongan c\u00f3mo Argentina gana mercados&#8221;.<\/p>\n<p>&#8220;La gente no quiere volver a un pasado de mentira, a un pasado donde se revoleaban los bolsos, a un pasado incierto&#8221;, remat\u00f3 el ministro de Trabajo. En tanto, desde Canal 13, este domingo por la tarde,\u00a0Pablo Micheli\u00a0resalt\u00f3 que en su di\u00e1logo con el gobierno a trav\u00e9s de Triaca se &#8220;hace mucho hincapi\u00e9 con la herencia recibida&#8221;.<\/p>\n<p>Y aclar\u00f3 que desde su sector &#8220;nunca hacemos paro contra de un gobierno o un presidente porque defendemos el sistema democr\u00e1tico, no es un paro para que no se vaya ning\u00fan funcionario&#8221;.<\/p>\n<p>&#8220;Estamos preocupados por una situaci\u00f3n que no se avizora que vaya a mejorar, porque con la tasa de inter\u00e9s tan elevada, es un gran negocio con el sector financiero y no con el productivo y no hay posibilidad de generar trabajo genuino, digno, si no hay desarrollo industrial&#8221;, a\u00f1adi\u00f3 Micheli.<\/p>\n","protected":false},"excerpt":{"rendered":"<p>El ministro de Trabajo cuestion\u00f3 que algunos dirigentes &#8220;buscan politizar&#8221; los encuentros con el gobierno. En tanto, el l\u00edder de la CTA, Pablo Micheli, resalt\u00f3 que\u00a0&#8220;si no hay respuestas, habr\u00e1 paro&#8221;\u00a0porque &#8220;estamos preocupados por una situaci\u00f3n que no se avizora que vaya a mejorar&#8221; &nbsp; &nbsp; El ministro de Trabajo, Jorge Triaca, le pidi\u00f3 este domingo\u00a0&#8220;prudencia&#8221; a los sindicalistas ante las amenazas de paro, mientras el jefe de la CTA Aut\u00f3noma, Pablo Micheli, aclar\u00f3 que desde sus sectores\u00a0&#8220;nunca&#8221; hac\u00edan huelgas &#8220;contra un gobierno o un presidente&#8221;. Luego de las sendas&#8230;<\/p>\n","protected":false},"author":3,"featured_media":879,"comment_status":"closed","ping_status":"closed","sticky":false,"template":"","format":"standard","meta":[],"categories":[2],"tags":[17],"_links":{"self":[{"href":"https:\/\/www.actualidadadiario.com\/index.php\/wp-json\/wp\/v2\/posts\/878"}],"collection":[{"href":"https:\/\/www.actualidadadiario.com\/index.php\/wp-json\/wp\/v2\/posts"}],"about":[{"href":"https:\/\/www.actualidadadiario.com\/index.php\/wp-json\/wp\/v2\/types\/post"}],"author":[{"embeddable":true,"href":"https:\/\/www.actualidadadiario.com\/index.php\/wp-json\/wp\/v2\/users\/3"}],"replies":[{"embeddable":true,"href":"https:\/\/www.actualidadadiario.com\/index.php\/wp-json\/wp\/v2\/comments?post=878"}],"version-history":[{"count":1,"href":"https:\/\/www.actualidadadiario.com\/index.php\/wp-json\/wp\/v2\/posts\/878\/revisions"}],"predecessor-version":[{"id":880,"href":"https:\/\/www.actualidadadiario.com\/index.php\/wp-json\/wp\/v2\/posts\/878\/revisions\/880"}],"wp:featuredmedia":[{"embeddable":true,"href":"https:\/\/www.actualidadadiario.com\/index.php\/wp-json\/wp\/v2\/media\/879"}],"wp:attachment":[{"href":"https:\/\/www.actualidadadiario.com\/index.php\/wp-json\/wp\/v2\/media?parent=878"}],"wp:term":[{"taxonomy":"category","embeddable":true,"href":"https:\/\/www.actualidadadiario.com\/index.php\/wp-json\/wp\/v2\/categories?post=878"},{"taxonomy":"post_tag","embeddable":true,"href":"https:\/\/www.actualidadadiario.com\/index.php\/wp-json\/wp\/v2\/tags?post=878"}],"curies":[{"name":"wp","href":"https:\/\/api.w.org\/{rel}","templated":true}]}}