{"id":8776,"date":"2017-03-21T10:08:14","date_gmt":"2017-03-21T13:08:14","guid":{"rendered":"http:\/\/actualidadadiario.com\/site\/?p=8776"},"modified":"2017-03-21T10:08:14","modified_gmt":"2017-03-21T13:08:14","slug":"dujovne-ratifico-que-el-gobierno-enviara-reforma-impositiva-al-congreso-el-ano-proximo","status":"publish","type":"post","link":"https:\/\/www.actualidadadiario.com\/index.php\/2017\/03\/21\/dujovne-ratifico-que-el-gobierno-enviara-reforma-impositiva-al-congreso-el-ano-proximo\/","title":{"rendered":"Dujovne ratific\u00f3 que el Gobierno enviar\u00e1 reforma impositiva al Congreso el a\u00f1o pr\u00f3ximo"},"content":{"rendered":"<p><em><strong>El ministro de Hacienda, Nicol\u00e1s Dujovne, reafirm\u00f3 en Londres que el Gobierno enviar\u00e1 en 2018 una reforma impositiva al Congreso ya que el sistema actual es &#8220;ineficiente e injusto&#8221;, y confi\u00f3 en que el trabajo se podr\u00e1 realizar &#8220;con el aporte de la oposici\u00f3n&#8221;, en una disertaci\u00f3n en el marco de la misi\u00f3n comercial empresaria argentina en el Reino Unido<\/strong><\/em><\/p>\n<p>&nbsp;<\/p>\n<p>&nbsp;<\/p>\n<p>&nbsp;<\/p>\n<p>&nbsp;<\/p>\n<p>La intenci\u00f3n del Gobierno es pedir a las provincias que incorporen, desde este mismo a\u00f1o, una serie de reglas sobre sus propios gastos para evitar desequilibrios en las cuentas p\u00fablicas; e impulsarlas a que, a partir de 2018, se esfuercen por reemplazar los impuestos que usan hoy para sostener buena parte de su recaudaci\u00f3n (como el de los Ingresos Brutos, que representa el 90% de la recaudaci\u00f3n provincial), por un nuevo gravamen que se cobrar\u00eda s\u00f3lo sobre los precios al consumidor, y que consideran que ser\u00e1 menos nocivo para la actividades productivas.<\/p>\n<p>&nbsp;<\/p>\n<p>La reforma tributaria incluir\u00e1 tambi\u00e9n nuevos impuestos para sustituir otros considerados &#8220;distorsivos&#8221;, y podr\u00eda aplicarse a partir del a\u00f1o pr\u00f3ximo. La iniciativa prev\u00e9 limitar gastos y crear un fondo antic\u00edclico con una ley de responsabilidad fiscal.<\/p>\n","protected":false},"excerpt":{"rendered":"<p>El ministro de Hacienda, Nicol\u00e1s Dujovne, reafirm\u00f3 en Londres que el Gobierno enviar\u00e1 en 2018 una reforma impositiva al Congreso ya que el sistema actual es &#8220;ineficiente e injusto&#8221;, y confi\u00f3 en que el trabajo se podr\u00e1 realizar &#8220;con el aporte de la oposici\u00f3n&#8221;, en una disertaci\u00f3n en el marco de la misi\u00f3n comercial empresaria argentina en el Reino Unido &nbsp; &nbsp; &nbsp; &nbsp; La intenci\u00f3n del Gobierno es pedir a las provincias que incorporen, desde este mismo a\u00f1o, una serie de reglas sobre sus propios gastos para evitar desequilibrios&#8230;<\/p>\n","protected":false},"author":3,"featured_media":8777,"comment_status":"closed","ping_status":"closed","sticky":false,"template":"","format":"standard","meta":[],"categories":[2],"tags":[],"_links":{"self":[{"href":"https:\/\/www.actualidadadiario.com\/index.php\/wp-json\/wp\/v2\/posts\/8776"}],"collection":[{"href":"https:\/\/www.actualidadadiario.com\/index.php\/wp-json\/wp\/v2\/posts"}],"about":[{"href":"https:\/\/www.actualidadadiario.com\/index.php\/wp-json\/wp\/v2\/types\/post"}],"author":[{"embeddable":true,"href":"https:\/\/www.actualidadadiario.com\/index.php\/wp-json\/wp\/v2\/users\/3"}],"replies":[{"embeddable":true,"href":"https:\/\/www.actualidadadiario.com\/index.php\/wp-json\/wp\/v2\/comments?post=8776"}],"version-history":[{"count":1,"href":"https:\/\/www.actualidadadiario.com\/index.php\/wp-json\/wp\/v2\/posts\/8776\/revisions"}],"predecessor-version":[{"id":8778,"href":"https:\/\/www.actualidadadiario.com\/index.php\/wp-json\/wp\/v2\/posts\/8776\/revisions\/8778"}],"wp:featuredmedia":[{"embeddable":true,"href":"https:\/\/www.actualidadadiario.com\/index.php\/wp-json\/wp\/v2\/media\/8777"}],"wp:attachment":[{"href":"https:\/\/www.actualidadadiario.com\/index.php\/wp-json\/wp\/v2\/media?parent=8776"}],"wp:term":[{"taxonomy":"category","embeddable":true,"href":"https:\/\/www.actualidadadiario.com\/index.php\/wp-json\/wp\/v2\/categories?post=8776"},{"taxonomy":"post_tag","embeddable":true,"href":"https:\/\/www.actualidadadiario.com\/index.php\/wp-json\/wp\/v2\/tags?post=8776"}],"curies":[{"name":"wp","href":"https:\/\/api.w.org\/{rel}","templated":true}]}}