{"id":8735,"date":"2017-03-20T10:17:37","date_gmt":"2017-03-20T13:17:37","guid":{"rendered":"http:\/\/actualidadadiario.com\/site\/?p=8735"},"modified":"2017-03-20T10:17:37","modified_gmt":"2017-03-20T13:17:37","slug":"para-dujovne-el-paro-de-la-cgt-es-una-gimnasia-electoral","status":"publish","type":"post","link":"https:\/\/www.actualidadadiario.com\/index.php\/2017\/03\/20\/para-dujovne-el-paro-de-la-cgt-es-una-gimnasia-electoral\/","title":{"rendered":"Para Dujovne el paro de la CGT es una &#8220;gimnasia electoral&#8221;"},"content":{"rendered":"<p><em><strong>El ministro de Hacienda, Nicol\u00e1s Dujovne, afirm\u00f3 que &#8220;lo peor&#8221; que puede hacer el gobierno nacional es dejarse &#8220;llevar por una amenaza de huelga&#8221;. Al tiempo que dijo no comprender &#8220;bien las motivaciones del paro&#8221; anunciado por la central obrera para el 6 de abril<\/strong><\/em><\/p>\n<p>&nbsp;<\/p>\n<p>&nbsp;<\/p>\n<p>&nbsp;<\/p>\n<p>&nbsp;<\/p>\n<p>&#8220;Arranc\u00f3 el a\u00f1o electoral&#8221;, dijo Mauricio Macri en la apertura de sesiones del Congreso, a comienzo de marzo. Al caballito de batalla de la &#8220;pesada herencia&#8221; ahora hay que sumarle \u00e9ste, que ya repiten sin cesar los funcionarios, como fue el caso de Nicol\u00e1s Dujovne, en una nota al diario Clar\u00edn en la que habl\u00f3 de &#8220;gimnasia preelectoral&#8221;.<\/p>\n<p>&nbsp;<\/p>\n<p>El ministro de Hacienda afirm\u00f3 que \u201clo peor\u201d que puede hacer el gobierno nacional es dejarse \u201cllevar por una amenaza de huelga\u201d y tras remarcar que la Casa Rosada \u201cno ve a la CGT como un enemigo\u201d sino como un actor m\u00e1s con el cual se dialoga\u201d, dijo no comprender \u201cbien las motivaciones del paro\u201d anunciado por la central obrera para el 6 de abril.<\/p>\n<p>&nbsp;<\/p>\n<p>En ese sentido, el funcionario consider\u00f3 que el llamado a una huelga general por parte del triunvirato cegetista &#8220;tiene que ver con una gimnasia preelectoral, donde el kirchnerismo empieza a empujar a dirigentes m\u00e1s sensatos hacia posiciones que tal vez ellos no quisieran tomar&#8221;.<\/p>\n<p>&nbsp;<\/p>\n<p>&#8220;Yo creo que hoy hay otro clima en el pa\u00eds. No es que tenemos que lograr otro clima, tengamos o no el paro de la CGT&#8221;, se\u00f1al\u00f3 Dujovne en una entrevista que publica este lunes el diario Clar\u00edn.<\/p>\n<p>&nbsp;<\/p>\n<p>Asimismo, plante\u00f3: &#8220;El Gobierno no ve a la CGT como un enemigo; lo vemos como un actor m\u00e1s con el cual se dialoga. Y que vamos a dialogar al d\u00eda siguiente, si es que habr\u00e1 un paro&#8221;.<\/p>\n<p>&nbsp;<\/p>\n<p>Tras remarcar que &#8220;no comprendemos bien las motivaciones del paro&#8221; nacional convocado para el pr\u00f3ximo 6 de abril, el titular de la cartera de Hacienda subray\u00f3 que &#8220;el a\u00f1o pasado, en medio de las medidas que hubo que tomar, que fueron dif\u00edciles, se pudo hablar con la CGT&#8221;.<\/p>\n<p>&nbsp;<\/p>\n<p>&#8220;Se aumentaron much\u00edsimo las transferencias a los sectores m\u00e1s desprotegidos. El gasto social fue lo que m\u00e1s creci\u00f3 en el presupuesto en el a\u00f1o 2016. Lo s\u00e9 perfectamente porque esa es mi \u00e1rea. Cada vez que se modificaron precios de servicios p\u00fablicos, se lo hizo incrementando notablemente el alcance de la tarifa social. Y el a\u00f1o pasado, la CGT tuvo un acompa\u00f1amiento loable en t\u00e9rminos de darle tiempo al gobierno&#8221;, record\u00f3 el funcionario nacional.<\/p>\n<p>&nbsp;<\/p>\n<p>No obstante, analiz\u00f3: &#8220;Ahora, cuando estamos empezando a ver los resultados, el empleo est\u00e1 creciendo, la construcci\u00f3n crea 5.000 puestos de trabajo por mes, en la industria manufacturera finalmente se est\u00e1 terminando con el proceso de despidos que ocurri\u00f3 a lo largo del a\u00f1o pasado, que tuvo mucho que ver con la recesi\u00f3n brasile\u00f1a, hoy vemos a una CGT mucho m\u00e1s dura&#8221;.<\/p>\n<p>&nbsp;<\/p>\n<p>Para el ministro de Hacienda, este cambio de posici\u00f3n de la Confederaci\u00f3n General del Trabajo &#8220;tiene que ver con una gimnasia preelectoral, donde el kirchnerismo empieza a empujar a dirigentes m\u00e1s sensatos hacia posiciones que tal vez ellos no quisieran tomar&#8221;.<\/p>\n<p>&nbsp;<\/p>\n<p>En ese marco, consider\u00f3 que &#8220;el kirchnerismo empieza a tomar actitudes cada vez m\u00e1s agresivas con el gobierno, porque muchos de ellos se est\u00e1n jugando su libertad&#8221;.<\/p>\n<p>&nbsp;<\/p>\n<p>&#8220;La justicia es lenta, pero eso no quiere decir que no exista. Y realmente hay sectores que quieren que le vaya mal a la Argentina para que le vaya mal al gobierno. Apuestan a que al gobierno le vaya mal. Y esos sectores hoy, le hacen m\u00e1s dif\u00edcil para los sectores m\u00e1s racionales de la CGT, tener una posici\u00f3n como la que tuvieron el a\u00f1o pasado&#8221;, remarc\u00f3 Dujovne.<\/p>\n<p>&nbsp;<\/p>\n<p>Adem\u00e1s, consider\u00f3 que el paro docente bonaerense, &#8220;en buena medida, se enmarca tambi\u00e9n dentro de esa discusi\u00f3n&#8221; y afirm\u00f3 que el titular de Suteba, Roberto Baradel, &#8220;tiene motivaciones pol\u00edticas&#8221; y eso &#8220;dificulta las negociaciones&#8221; con la administraci\u00f3n de Mar\u00eda Eugenia Vidal.<\/p>\n<p>&nbsp;<\/p>\n<p>&#8220;Creo que las medidas que est\u00e1 tomando este gobierno van en la direcci\u00f3n correcta y que lo peor que podemos hacer es dejarnos llevar por la ansiedad, el cortoplacismo, por una amenaza de huelga&#8221;, afirm\u00f3 el funcionario que est\u00e1 en Londres al frente de una delegaci\u00f3n que participar\u00e1 de la mayor misi\u00f3n comercial empresaria argentina al Reino Unido de los \u00faltimos 20 a\u00f1os.<\/p>\n<p>&nbsp;<\/p>\n<p>Por lo tanto, concluy\u00f3: &#8220;Hay que dialogar. Hay que escuchar a todos los sectores. Hay que explicar hacia d\u00f3nde vamos. Pero lo que no podemos hacer es resignar nuestra idea de futuro que tenemos&#8221;.<\/p>\n","protected":false},"excerpt":{"rendered":"<p>El ministro de Hacienda, Nicol\u00e1s Dujovne, afirm\u00f3 que &#8220;lo peor&#8221; que puede hacer el gobierno nacional es dejarse &#8220;llevar por una amenaza de huelga&#8221;. Al tiempo que dijo no comprender &#8220;bien las motivaciones del paro&#8221; anunciado por la central obrera para el 6 de abril &nbsp; &nbsp; &nbsp; &nbsp; &#8220;Arranc\u00f3 el a\u00f1o electoral&#8221;, dijo Mauricio Macri en la apertura de sesiones del Congreso, a comienzo de marzo. Al caballito de batalla de la &#8220;pesada herencia&#8221; ahora hay que sumarle \u00e9ste, que ya repiten sin cesar los funcionarios, como fue el&#8230;<\/p>\n","protected":false},"author":3,"featured_media":8325,"comment_status":"closed","ping_status":"closed","sticky":false,"template":"","format":"standard","meta":[],"categories":[18],"tags":[],"_links":{"self":[{"href":"https:\/\/www.actualidadadiario.com\/index.php\/wp-json\/wp\/v2\/posts\/8735"}],"collection":[{"href":"https:\/\/www.actualidadadiario.com\/index.php\/wp-json\/wp\/v2\/posts"}],"about":[{"href":"https:\/\/www.actualidadadiario.com\/index.php\/wp-json\/wp\/v2\/types\/post"}],"author":[{"embeddable":true,"href":"https:\/\/www.actualidadadiario.com\/index.php\/wp-json\/wp\/v2\/users\/3"}],"replies":[{"embeddable":true,"href":"https:\/\/www.actualidadadiario.com\/index.php\/wp-json\/wp\/v2\/comments?post=8735"}],"version-history":[{"count":1,"href":"https:\/\/www.actualidadadiario.com\/index.php\/wp-json\/wp\/v2\/posts\/8735\/revisions"}],"predecessor-version":[{"id":8736,"href":"https:\/\/www.actualidadadiario.com\/index.php\/wp-json\/wp\/v2\/posts\/8735\/revisions\/8736"}],"wp:featuredmedia":[{"embeddable":true,"href":"https:\/\/www.actualidadadiario.com\/index.php\/wp-json\/wp\/v2\/media\/8325"}],"wp:attachment":[{"href":"https:\/\/www.actualidadadiario.com\/index.php\/wp-json\/wp\/v2\/media?parent=8735"}],"wp:term":[{"taxonomy":"category","embeddable":true,"href":"https:\/\/www.actualidadadiario.com\/index.php\/wp-json\/wp\/v2\/categories?post=8735"},{"taxonomy":"post_tag","embeddable":true,"href":"https:\/\/www.actualidadadiario.com\/index.php\/wp-json\/wp\/v2\/tags?post=8735"}],"curies":[{"name":"wp","href":"https:\/\/api.w.org\/{rel}","templated":true}]}}