{"id":8732,"date":"2017-03-20T10:15:23","date_gmt":"2017-03-20T13:15:23","guid":{"rendered":"http:\/\/actualidadadiario.com\/site\/?p=8732"},"modified":"2017-03-20T10:15:23","modified_gmt":"2017-03-20T13:15:23","slug":"para-carrefour-el-2016-fue-el-peor-ano-de-argentina-en-la-ultima-decada","status":"publish","type":"post","link":"https:\/\/www.actualidadadiario.com\/index.php\/2017\/03\/20\/para-carrefour-el-2016-fue-el-peor-ano-de-argentina-en-la-ultima-decada\/","title":{"rendered":"Para Carrefour, &#8220;el 2016 fue el peor a\u00f1o de Argentina en la \u00faltima d\u00e9cada&#8221;"},"content":{"rendered":"<p><strong>As\u00ed lo reconoci\u00f3 el gigante de los supermercados sobre la situaci\u00f3n econ\u00f3mica de su empresa en el pa\u00eds<\/strong><\/p>\n<p>&nbsp;<\/p>\n<p>&nbsp;<\/p>\n<p>El gigante de los supermercados Carrefour Argentina realiz\u00f3 una fuerte cr\u00edtica sobre la situaci\u00f3n econ\u00f3mica de su empresa en Argentina.<\/p>\n<p>&nbsp;<\/p>\n<p>Las ventas minoristas cayeron un 4,1% en febrero. Y afirmaron que 2016 fue un muy mal a\u00f1o para las ventas &#8220;tal vez el peor en los \u00faltimos diez a\u00f1os y m\u00e1s a\u00fan este bimestre&#8221;, afirmaron desde la multinacional a el sitio La Pol\u00edtica Online.<\/p>\n<p>&nbsp;<\/p>\n<p>Pese a la crisis econ\u00f3mica, desde Carrefour salieron a negar que haya un plan despidos masivos. &#8220;Los \u00fanicos despidos del a\u00f1o pasado fueron en Santa Fe por el tema del descanso dominical y al final todos fueron reincorporados&#8221;, sostuvo un vocero de la empresa. &#8220;Si no hubo despidos el a\u00f1o pasado, menos va a haber ahora que se espera que un repunte del consumo&#8221;, expresaron desde Carrefour.<\/p>\n<p>&nbsp;<\/p>\n<p>&#8220;Al negocio lo sostienen los minimercados Express, porque por la crisis la gente ya no va a los hipermercados a hacer esas compras que llenaban el changuito. Pero adem\u00e1s de baja del consumo, desde el sector explican que hubo un cambio en la conducta de los compradores y que &#8220;en este momento lo \u00fanico que camina son los Express&#8221;&#8221;, revela la nota de LPO.<\/p>\n","protected":false},"excerpt":{"rendered":"<p>As\u00ed lo reconoci\u00f3 el gigante de los supermercados sobre la situaci\u00f3n econ\u00f3mica de su empresa en el pa\u00eds &nbsp; &nbsp; El gigante de los supermercados Carrefour Argentina realiz\u00f3 una fuerte cr\u00edtica sobre la situaci\u00f3n econ\u00f3mica de su empresa en Argentina. &nbsp; Las ventas minoristas cayeron un 4,1% en febrero. Y afirmaron que 2016 fue un muy mal a\u00f1o para las ventas &#8220;tal vez el peor en los \u00faltimos diez a\u00f1os y m\u00e1s a\u00fan este bimestre&#8221;, afirmaron desde la multinacional a el sitio La Pol\u00edtica Online. &nbsp; Pese a la crisis&#8230;<\/p>\n","protected":false},"author":3,"featured_media":8733,"comment_status":"closed","ping_status":"closed","sticky":false,"template":"","format":"standard","meta":[],"categories":[18],"tags":[],"_links":{"self":[{"href":"https:\/\/www.actualidadadiario.com\/index.php\/wp-json\/wp\/v2\/posts\/8732"}],"collection":[{"href":"https:\/\/www.actualidadadiario.com\/index.php\/wp-json\/wp\/v2\/posts"}],"about":[{"href":"https:\/\/www.actualidadadiario.com\/index.php\/wp-json\/wp\/v2\/types\/post"}],"author":[{"embeddable":true,"href":"https:\/\/www.actualidadadiario.com\/index.php\/wp-json\/wp\/v2\/users\/3"}],"replies":[{"embeddable":true,"href":"https:\/\/www.actualidadadiario.com\/index.php\/wp-json\/wp\/v2\/comments?post=8732"}],"version-history":[{"count":1,"href":"https:\/\/www.actualidadadiario.com\/index.php\/wp-json\/wp\/v2\/posts\/8732\/revisions"}],"predecessor-version":[{"id":8734,"href":"https:\/\/www.actualidadadiario.com\/index.php\/wp-json\/wp\/v2\/posts\/8732\/revisions\/8734"}],"wp:featuredmedia":[{"embeddable":true,"href":"https:\/\/www.actualidadadiario.com\/index.php\/wp-json\/wp\/v2\/media\/8733"}],"wp:attachment":[{"href":"https:\/\/www.actualidadadiario.com\/index.php\/wp-json\/wp\/v2\/media?parent=8732"}],"wp:term":[{"taxonomy":"category","embeddable":true,"href":"https:\/\/www.actualidadadiario.com\/index.php\/wp-json\/wp\/v2\/categories?post=8732"},{"taxonomy":"post_tag","embeddable":true,"href":"https:\/\/www.actualidadadiario.com\/index.php\/wp-json\/wp\/v2\/tags?post=8732"}],"curies":[{"name":"wp","href":"https:\/\/api.w.org\/{rel}","templated":true}]}}