{"id":8729,"date":"2017-03-20T10:14:13","date_gmt":"2017-03-20T13:14:13","guid":{"rendered":"http:\/\/actualidadadiario.com\/site\/?p=8729"},"modified":"2017-03-20T10:14:13","modified_gmt":"2017-03-20T13:14:13","slug":"sergio-massa-le-respondio-con-duras-criticas-a-mauricio-macri-tras-su-papelon-en-lo-de-mirtha","status":"publish","type":"post","link":"https:\/\/www.actualidadadiario.com\/index.php\/2017\/03\/20\/sergio-massa-le-respondio-con-duras-criticas-a-mauricio-macri-tras-su-papelon-en-lo-de-mirtha\/","title":{"rendered":"Sergio Massa le respondi\u00f3 con duras cr\u00edticas a Mauricio Macri tras su papel\u00f3n en lo de Mirtha"},"content":{"rendered":"<p><em><strong>El l\u00edder del Frente Renovador, Sergio Massa, apunt\u00f3 el domingo contra el presidente Mauricio Macri y le dijo de todo<\/strong><\/em><\/p>\n<p>&nbsp;<\/p>\n<p>&nbsp;<\/p>\n<p>&nbsp;<\/p>\n<p>El l\u00edder del Frente Renovador, Sergio Massa, apunt\u00f3 el domingo contra el presidente Mauricio Macri y lo compar\u00f3 con su antecesora Cristina Kirchner, de quienes dijo que son &#8220;dos caras de la misma moneda&#8221;.<\/p>\n<p>&nbsp;<\/p>\n<p>&#8220;Usted y Cristina son dos caras de la misma moneda&#8221;, arremeti\u00f3 el diputado en Twitter. Los dichos de Massa fueron en respuesta a las declaraciones formuladas por Macri durante el programa televisivo de Mirtha Legrand, en las que hab\u00eda calificado al ex intendente de Tigre como un pol\u00edtico &#8220;demasiado cambiante&#8221; y al que &#8220;cuesta creerle&#8221;.<\/p>\n<p>&nbsp;<\/p>\n<p>&#8220;El que est\u00e1 perdiendo la confianza de los argentinos es usted&#8221;, contraatac\u00f3 Massa, que aprovech\u00f3 adem\u00e1s para enrostrarle al mandatario el error cometido al informar sobre el monto m\u00ednimo que percibe un jubilado.<\/p>\n<p>&nbsp;<\/p>\n<p>En un pasaje del programa emitido por canal Trece el s\u00e1bado a la noche, la conductora le pregunt\u00f3 si conoc\u00eda &#8220;cu\u00e1nto cobra un jubilado&#8221;, a lo que el mandatario contest\u00f3 que representaba &#8220;9.000 y pico&#8221;.<\/p>\n<p>&nbsp;<\/p>\n<p>Acto seguido, fuera de c\u00e1mara se escuch\u00f3 a una persona que fuera de c\u00e1mara correg\u00eda la cifra: &#8220;Son 6.000 y pico&#8221;. &#8220;Presidente Mauricio Macri \u00bfNo le parece que es importante que usted sepa cu\u00e1nto cobra un jubilado?&#8221;, arremeti\u00f3 el exdirector de ANSeS.<\/p>\n<p>&nbsp;<\/p>\n<p>En tanto, Massa cuestion\u00f3 a Macri por basar su discurso en la herencia recibida por el kirchnerismo y le pidi\u00f3 enfocarse en solucionar los problemas de la actualidad.<\/p>\n<p>&nbsp;<\/p>\n<p>&#8220;Deber\u00eda dejar de hablar del pasado y del futuro y ocuparse del presente. Los argentinos necesitamos resolver nuestros problemas ahora. Tenemos que resolverlos y vivir en paz y unidad&#8221;, concluy\u00f3.<\/p>\n","protected":false},"excerpt":{"rendered":"<p>El l\u00edder del Frente Renovador, Sergio Massa, apunt\u00f3 el domingo contra el presidente Mauricio Macri y le dijo de todo &nbsp; &nbsp; &nbsp; El l\u00edder del Frente Renovador, Sergio Massa, apunt\u00f3 el domingo contra el presidente Mauricio Macri y lo compar\u00f3 con su antecesora Cristina Kirchner, de quienes dijo que son &#8220;dos caras de la misma moneda&#8221;. &nbsp; &#8220;Usted y Cristina son dos caras de la misma moneda&#8221;, arremeti\u00f3 el diputado en Twitter. Los dichos de Massa fueron en respuesta a las declaraciones formuladas por Macri durante el programa televisivo&#8230;<\/p>\n","protected":false},"author":3,"featured_media":8730,"comment_status":"closed","ping_status":"closed","sticky":false,"template":"","format":"standard","meta":[],"categories":[18],"tags":[],"_links":{"self":[{"href":"https:\/\/www.actualidadadiario.com\/index.php\/wp-json\/wp\/v2\/posts\/8729"}],"collection":[{"href":"https:\/\/www.actualidadadiario.com\/index.php\/wp-json\/wp\/v2\/posts"}],"about":[{"href":"https:\/\/www.actualidadadiario.com\/index.php\/wp-json\/wp\/v2\/types\/post"}],"author":[{"embeddable":true,"href":"https:\/\/www.actualidadadiario.com\/index.php\/wp-json\/wp\/v2\/users\/3"}],"replies":[{"embeddable":true,"href":"https:\/\/www.actualidadadiario.com\/index.php\/wp-json\/wp\/v2\/comments?post=8729"}],"version-history":[{"count":1,"href":"https:\/\/www.actualidadadiario.com\/index.php\/wp-json\/wp\/v2\/posts\/8729\/revisions"}],"predecessor-version":[{"id":8731,"href":"https:\/\/www.actualidadadiario.com\/index.php\/wp-json\/wp\/v2\/posts\/8729\/revisions\/8731"}],"wp:featuredmedia":[{"embeddable":true,"href":"https:\/\/www.actualidadadiario.com\/index.php\/wp-json\/wp\/v2\/media\/8730"}],"wp:attachment":[{"href":"https:\/\/www.actualidadadiario.com\/index.php\/wp-json\/wp\/v2\/media?parent=8729"}],"wp:term":[{"taxonomy":"category","embeddable":true,"href":"https:\/\/www.actualidadadiario.com\/index.php\/wp-json\/wp\/v2\/categories?post=8729"},{"taxonomy":"post_tag","embeddable":true,"href":"https:\/\/www.actualidadadiario.com\/index.php\/wp-json\/wp\/v2\/tags?post=8729"}],"curies":[{"name":"wp","href":"https:\/\/api.w.org\/{rel}","templated":true}]}}