{"id":8724,"date":"2017-03-20T10:12:34","date_gmt":"2017-03-20T13:12:34","guid":{"rendered":"http:\/\/actualidadadiario.com\/site\/?p=8724"},"modified":"2017-03-20T10:12:34","modified_gmt":"2017-03-20T13:12:34","slug":"divide-a-cambiemos-el-metodo-para-lograr-que-gils-carbo-deje-su-cargo","status":"publish","type":"post","link":"https:\/\/www.actualidadadiario.com\/index.php\/2017\/03\/20\/divide-a-cambiemos-el-metodo-para-lograr-que-gils-carbo-deje-su-cargo\/","title":{"rendered":"Divide a Cambiemos el m\u00e9todo para lograr que Gils Carb\u00f3 deje su cargo"},"content":{"rendered":"<p><em><strong>Macri insiste con que debe renunciar, Carri\u00f3 cree que debe ser enjuiciada y Garavano promueve la reforma de la ley del Ministerio P\u00fablico Fiscal que limite su mandato<\/strong><\/em><\/p>\n<p>&nbsp;<\/p>\n<p>&nbsp;<\/p>\n<p>&nbsp;<\/p>\n<p>&nbsp;<\/p>\n<p>Alejandra Gils Carb\u00f3 ha vuelto a aparecer en el centro de la escena de la discusi\u00f3n pol\u00edtica en la mesa chica del Gobierno. El debate interno sobre la situaci\u00f3n de la procuradora es una constante de los 15 meses de gesti\u00f3n, e incluso desde antes de que Mauricio Macri asumiera la Presidencia. Vendr\u00eda a ser algo as\u00ed, para la Casa Rosada, como la \u00fanica sobreviviente que dej\u00f3 el kirchnerismo. Y el hecho de que no haya abandonado el cargo es una verdadera cuenta pendiente para el PRO, que cree que para reformular el Ministerio P\u00fablico Fiscal se precisa un funcionario independiente, caracter\u00edstica que, afirman, Gils Carb\u00f3 no cumple.<\/p>\n<p>&nbsp;<\/p>\n<p>&#8220;Est\u00e1 detr\u00e1s de todas las denuncias en contra m\u00edo&#8221;, acus\u00f3 Macri a Gils Carb\u00f3 el s\u00e1bado por la noche, en la entrevista que concedi\u00f3 al programa de Mirtha Legrand, en Canal 13. E insisti\u00f3: &#8220;Es una militante del kirchnerismo, le ped\u00ed que se retire pero no se retira&#8221;.<\/p>\n<p>&nbsp;<\/p>\n<p>Esa postura del Presidente divide opiniones desde hace tiempo en Cambiemos. El ala m\u00e1s dura macrista piensa en l\u00ednea con el jefe de Estado, y se embarc\u00f3 desde el comienzo en una aventura que hasta el momento le gener\u00f3 una derrota pol\u00edtica: desgastar a la jefa de fiscales para que abandone la Procuraci\u00f3n. Gils Carb\u00f3, de 58 a\u00f1os y en el cargo desde 2012, se ampara en el mandato vitalicio y por buena conducta que la Constituci\u00f3n le garantiza hasta que cumpla 75. Y por ahora sale ganando, porque los intentos del Gobierno de reformular desde el Congreso la ley org\u00e1nica del Ministerio P\u00fablico Fiscal (MPF) y establecer mandatos de cinco a\u00f1os, no han tenido consenso parlamentario.<\/p>\n<p>&nbsp;<\/p>\n<p>En cambio, aliados de la Casa Rosada como Elisa Carri\u00f3 creen que el operativo desgaste fracas\u00f3 y que sacar a Gils Carb\u00f3 dise\u00f1ando &#8220;una ley con nombre y apellido&#8221; va a contramano de la Constituci\u00f3n. Fue la diputada la que puso sobre la mesa del Congreso el pedido para que se le inicie juicio pol\u00edtico a la Procuradora, que tom\u00f3 impulso a principios de a\u00f1o y espera ser tratado en el \u00e1mbito legislativo.<\/p>\n<p>&nbsp;<\/p>\n<p>Ayer, esa iniciativa fue cuestionada por el ministro de Justicia Germ\u00e1n Garavano. &#8220;No es la forma de remoci\u00f3n para Gils Carb\u00f3, ya que es de alg\u00fan modo una ley inconstitucional porque asigna procesos de remoci\u00f3n que no est\u00e1n previstos constitucionalmente&#8221;, espet\u00f3 el funcionario, casi utilizando el mismo discurso de Carri\u00f3 cuando cuestiona la reforma de la ley del MPF. Garavano resalt\u00f3 ese camino en entrevista con el diario El Tribuno: &#8220;Est\u00e1 en manos del Congreso, tanto el juicio pol\u00edtico como la posibilidad de modificar la ley de Ministerio P\u00fablico que para nosotros sigue siendo muy importante&#8221;.<\/p>\n<p>&nbsp;<\/p>\n<p>Como plus, ayer surgi\u00f3 una investigaci\u00f3n del fiscal Carlos R\u00edvolo, que busca saber si Gils Carb\u00f3 favoreci\u00f3 a su ex marido con la compra del edificio actual de la Procuraci\u00f3n, ubicado en Per\u00f3n 667 del centro porte\u00f1o. &#8220;No hay nada irregular, es una compra de hace varios a\u00f1os que pas\u00f3 todos los controles administrativos. Hay un inter\u00e9s del Gobierno en generar este tipo de noticias&#8221;, argumentaron fuentes del Ministerio P\u00fablico Fiscal, que ven en esa investigaci\u00f3n una maniobra para debilitar a Gils Carb\u00f3.<\/p>\n","protected":false},"excerpt":{"rendered":"<p>Macri insiste con que debe renunciar, Carri\u00f3 cree que debe ser enjuiciada y Garavano promueve la reforma de la ley del Ministerio P\u00fablico Fiscal que limite su mandato &nbsp; &nbsp; &nbsp; &nbsp; Alejandra Gils Carb\u00f3 ha vuelto a aparecer en el centro de la escena de la discusi\u00f3n pol\u00edtica en la mesa chica del Gobierno. El debate interno sobre la situaci\u00f3n de la procuradora es una constante de los 15 meses de gesti\u00f3n, e incluso desde antes de que Mauricio Macri asumiera la Presidencia. Vendr\u00eda a ser algo as\u00ed, para&#8230;<\/p>\n","protected":false},"author":3,"featured_media":8491,"comment_status":"closed","ping_status":"closed","sticky":false,"template":"","format":"standard","meta":[],"categories":[18],"tags":[],"_links":{"self":[{"href":"https:\/\/www.actualidadadiario.com\/index.php\/wp-json\/wp\/v2\/posts\/8724"}],"collection":[{"href":"https:\/\/www.actualidadadiario.com\/index.php\/wp-json\/wp\/v2\/posts"}],"about":[{"href":"https:\/\/www.actualidadadiario.com\/index.php\/wp-json\/wp\/v2\/types\/post"}],"author":[{"embeddable":true,"href":"https:\/\/www.actualidadadiario.com\/index.php\/wp-json\/wp\/v2\/users\/3"}],"replies":[{"embeddable":true,"href":"https:\/\/www.actualidadadiario.com\/index.php\/wp-json\/wp\/v2\/comments?post=8724"}],"version-history":[{"count":1,"href":"https:\/\/www.actualidadadiario.com\/index.php\/wp-json\/wp\/v2\/posts\/8724\/revisions"}],"predecessor-version":[{"id":8725,"href":"https:\/\/www.actualidadadiario.com\/index.php\/wp-json\/wp\/v2\/posts\/8724\/revisions\/8725"}],"wp:featuredmedia":[{"embeddable":true,"href":"https:\/\/www.actualidadadiario.com\/index.php\/wp-json\/wp\/v2\/media\/8491"}],"wp:attachment":[{"href":"https:\/\/www.actualidadadiario.com\/index.php\/wp-json\/wp\/v2\/media?parent=8724"}],"wp:term":[{"taxonomy":"category","embeddable":true,"href":"https:\/\/www.actualidadadiario.com\/index.php\/wp-json\/wp\/v2\/categories?post=8724"},{"taxonomy":"post_tag","embeddable":true,"href":"https:\/\/www.actualidadadiario.com\/index.php\/wp-json\/wp\/v2\/tags?post=8724"}],"curies":[{"name":"wp","href":"https:\/\/api.w.org\/{rel}","templated":true}]}}