{"id":8721,"date":"2017-03-20T10:11:48","date_gmt":"2017-03-20T13:11:48","guid":{"rendered":"http:\/\/actualidadadiario.com\/site\/?p=8721"},"modified":"2019-05-06T20:57:30","modified_gmt":"2019-05-06T23:57:30","slug":"vamos-a-actuar-contra-los-piquetes-pero-despues-no-entremos-en-la-paranoia","status":"publish","type":"post","link":"https:\/\/www.actualidadadiario.com\/index.php\/2017\/03\/20\/vamos-a-actuar-contra-los-piquetes-pero-despues-no-entremos-en-la-paranoia\/","title":{"rendered":"&#8221;Vamos a actuar contra los piquetes, pero despu\u00e9s no entremos en la paranoia&#8221;"},"content":{"rendered":"<p><em><strong>La ministra de Seguridad se refiri\u00f3 a las protestas sociales contra el Gobierno, y al respecto, amenaz\u00f3 con \u201cactuar como en cualquier parte del mundo\u201d, y advirti\u00f3 que \u201cesa dispersi\u00f3n puede tener alguna consecuencia\u201d<\/strong><\/em><\/p>\n<p>&nbsp;<\/p>\n<p>&nbsp;<\/p>\n<p>&nbsp;<\/p>\n<p>Amenazante, la ministra de Seguridad de la Naci\u00f3n, Patricia Bullrich, advirti\u00f3 que el Gobierno va a actuar contra los cortes y protestas sociales contra la gesti\u00f3n de Cambiemos, y afirm\u00f3 que dicha acci\u00f3n puede tener \u201cconsecuencias\u201d.<\/p>\n<p>&nbsp;<\/p>\n<p>\u201cNosotros vamos a actuar, pero ahora si actuamos no entremos en la paranoia argentina, porque despu\u00e9s si actuamos, porque actuamos, y si no actuamos porque no actuamos\u201d, avis\u00f3 la funcionaria en una entrevista con Luis Majul.<\/p>\n<p>&nbsp;<\/p>\n<p>En este sentido, Bullrich explic\u00f3 que \u201clas fuerzas de seguridad van a actuar como se act\u00faa en cualquier parte del mundo, dispersando\u201d, y amenaz\u00f3: \u201cEsa dispersi\u00f3n puede tener alguna consecuencia\u201d.<\/p>\n<p>&nbsp;<\/p>\n<p>&#8220;Cuando las manifestaciones son enormes muchas cosas no se pueden hacer, pero cuando son chicas se pueden hacer y las vamos a empezar a hacer&#8221;, insisti\u00f3 Bullrich, quien remarc\u00f3 que las fuerzas federales &#8220;tienen que defenderse de los ataques que permanentemente reciben&#8221;.<\/p>\n","protected":false},"excerpt":{"rendered":"<p>La ministra de Seguridad se refiri\u00f3 a las protestas sociales contra el Gobierno, y al respecto, amenaz\u00f3 con \u201cactuar como en cualquier parte del mundo\u201d, y advirti\u00f3 que \u201cesa dispersi\u00f3n puede tener alguna consecuencia\u201d &nbsp; &nbsp; &nbsp; Amenazante, la ministra de Seguridad de la Naci\u00f3n, Patricia Bullrich, advirti\u00f3 que el Gobierno va a actuar contra los cortes y protestas sociales contra la gesti\u00f3n de Cambiemos, y afirm\u00f3 que dicha acci\u00f3n puede tener \u201cconsecuencias\u201d. &nbsp; \u201cNosotros vamos a actuar, pero ahora si actuamos no entremos en la paranoia argentina, porque despu\u00e9s&#8230;<\/p>\n","protected":false},"author":3,"featured_media":8722,"comment_status":"closed","ping_status":"closed","sticky":false,"template":"","format":"standard","meta":[],"categories":[9,18],"tags":[],"_links":{"self":[{"href":"https:\/\/www.actualidadadiario.com\/index.php\/wp-json\/wp\/v2\/posts\/8721"}],"collection":[{"href":"https:\/\/www.actualidadadiario.com\/index.php\/wp-json\/wp\/v2\/posts"}],"about":[{"href":"https:\/\/www.actualidadadiario.com\/index.php\/wp-json\/wp\/v2\/types\/post"}],"author":[{"embeddable":true,"href":"https:\/\/www.actualidadadiario.com\/index.php\/wp-json\/wp\/v2\/users\/3"}],"replies":[{"embeddable":true,"href":"https:\/\/www.actualidadadiario.com\/index.php\/wp-json\/wp\/v2\/comments?post=8721"}],"version-history":[{"count":1,"href":"https:\/\/www.actualidadadiario.com\/index.php\/wp-json\/wp\/v2\/posts\/8721\/revisions"}],"predecessor-version":[{"id":8723,"href":"https:\/\/www.actualidadadiario.com\/index.php\/wp-json\/wp\/v2\/posts\/8721\/revisions\/8723"}],"wp:featuredmedia":[{"embeddable":true,"href":"https:\/\/www.actualidadadiario.com\/index.php\/wp-json\/wp\/v2\/media\/8722"}],"wp:attachment":[{"href":"https:\/\/www.actualidadadiario.com\/index.php\/wp-json\/wp\/v2\/media?parent=8721"}],"wp:term":[{"taxonomy":"category","embeddable":true,"href":"https:\/\/www.actualidadadiario.com\/index.php\/wp-json\/wp\/v2\/categories?post=8721"},{"taxonomy":"post_tag","embeddable":true,"href":"https:\/\/www.actualidadadiario.com\/index.php\/wp-json\/wp\/v2\/tags?post=8721"}],"curies":[{"name":"wp","href":"https:\/\/api.w.org\/{rel}","templated":true}]}}