{"id":85789,"date":"2022-05-03T13:19:45","date_gmt":"2022-05-03T16:19:45","guid":{"rendered":"https:\/\/www.actualidadadiario.com\/?p=85789"},"modified":"2022-05-03T13:19:45","modified_gmt":"2022-05-03T16:19:45","slug":"los-presos-en-bolivia-reducen-sus-condenas-con-cada-libro-leido","status":"publish","type":"post","link":"https:\/\/www.actualidadadiario.com\/index.php\/2022\/05\/03\/los-presos-en-bolivia-reducen-sus-condenas-con-cada-libro-leido\/","title":{"rendered":"Los presos en Bolivia reducen sus condenas con cada libro le\u00eddo"},"content":{"rendered":"<p style=\"text-align: center;\"><em><strong>El programa, del que participan 865 reclusos, impulsa la alfabetizaci\u00f3n y ayuda a enfrentar la espera de una sentencia en un pa\u00eds con prisiones preventivas inusualmente altas<\/strong><\/em><\/p>\n<p>&nbsp;<\/p>\n<p>&nbsp;<\/p>\n<p>Un libro se ha convertido en el mejor compa\u00f1ero de celda para muchas personas que viven en las hacinadas c\u00e1rceles de Bolivia, porque el h\u00e1bito de leer puede ayudarles a reducir sus condenas.<\/p>\n<p>Inspirada en una experiencia implementada en Brasil, el programa estatal &#8216;Libros tras las rejas&#8217; se ha instalado en 47 c\u00e1rceles del pa\u00eds andino que no cuenta con los recursos para costear programas de educaci\u00f3n, reinserci\u00f3n o asistencia social, seg\u00fan la Defensor\u00eda del Pueblo.<\/p>\n<p>Hasta el momento, 865 reclusos leen por su libertad, entre ellos est\u00e1 Jaqueline, que ya tiene ocho libros le\u00eddos en un a\u00f1o y cuatro pruebas de lectura aprobadas.<\/p>\n<p>&#8220;Hay personas que est\u00e1n aprendiendo a leer y escribir&#8221;, dijo Jaqueline.<\/p>\n<p>Bolivia no tiene ni cadena perpetua ni pena de muerte, pero la detenci\u00f3n preventiva, que deber\u00eda ser de solo seis meses, se puede extender por muchos a\u00f1os debido al deteriorado sistema judicial.<\/p>\n<p>&#8220;Cuando leo estoy en contacto con todo el universo. Las paredes y las rejas desaparecen&#8221;, dijo Mildred, tambi\u00e9n interna en la c\u00e1rcel de mujeres Obrajes de la ciudad de La Paz, centro pol\u00edtico de Bolivia.<\/p>\n<p>En prisi\u00f3n la lectura es un privilegio de unos pocos. Con un haber diario de 8 bolivianos, equivalente a poco m\u00e1s de un d\u00f3lar, los internos se ven obligados a trabajar para comer y pagar los altos costos judiciales si alguna vez quieren salir. Hornear pan, tejer o lavar ropa para clientes externos son algunos de los trabajos disponibles para los reclusos. Sin estos ingresos, los reclusos no pueden permitirse comprar bienes como art\u00edculos de tocador.<\/p>\n<p>La defensora del Pueblo, Nadia Cruz, explic\u00f3 que el mayor logro del programa lanzado en 2019 es dar esperanza a los reclusos en espera de juicio, atrapados por el sistema de Justicia notoriamente lento del pa\u00eds andino.<\/p>\n<p>&#8220;Este proyecto se sustenta principalmente en la voluntad de los privados de libertad&#8221;, dijo. &#8220;Eso es importante porque lo que se reduce es muy poco, son horas o d\u00edas en algunos casos, dependiendo de lo que decida la junta&#8221;, afirm\u00f3 a Reuters.<\/p>\n","protected":false},"excerpt":{"rendered":"<p>El programa, del que participan 865 reclusos, impulsa la alfabetizaci\u00f3n y ayuda a enfrentar la espera de una sentencia en un pa\u00eds con prisiones preventivas inusualmente altas &nbsp; &nbsp; Un libro se ha convertido en el mejor compa\u00f1ero de celda para muchas personas que viven en las hacinadas c\u00e1rceles de Bolivia, porque el h\u00e1bito de leer puede ayudarles a reducir sus condenas. Inspirada en una experiencia implementada en Brasil, el programa estatal &#8216;Libros tras las rejas&#8217; se ha instalado en 47 c\u00e1rceles del pa\u00eds andino que no cuenta con los&#8230;<\/p>\n","protected":false},"author":3,"featured_media":85790,"comment_status":"closed","ping_status":"closed","sticky":false,"template":"","format":"standard","meta":[],"categories":[4],"tags":[],"_links":{"self":[{"href":"https:\/\/www.actualidadadiario.com\/index.php\/wp-json\/wp\/v2\/posts\/85789"}],"collection":[{"href":"https:\/\/www.actualidadadiario.com\/index.php\/wp-json\/wp\/v2\/posts"}],"about":[{"href":"https:\/\/www.actualidadadiario.com\/index.php\/wp-json\/wp\/v2\/types\/post"}],"author":[{"embeddable":true,"href":"https:\/\/www.actualidadadiario.com\/index.php\/wp-json\/wp\/v2\/users\/3"}],"replies":[{"embeddable":true,"href":"https:\/\/www.actualidadadiario.com\/index.php\/wp-json\/wp\/v2\/comments?post=85789"}],"version-history":[{"count":1,"href":"https:\/\/www.actualidadadiario.com\/index.php\/wp-json\/wp\/v2\/posts\/85789\/revisions"}],"predecessor-version":[{"id":85791,"href":"https:\/\/www.actualidadadiario.com\/index.php\/wp-json\/wp\/v2\/posts\/85789\/revisions\/85791"}],"wp:featuredmedia":[{"embeddable":true,"href":"https:\/\/www.actualidadadiario.com\/index.php\/wp-json\/wp\/v2\/media\/85790"}],"wp:attachment":[{"href":"https:\/\/www.actualidadadiario.com\/index.php\/wp-json\/wp\/v2\/media?parent=85789"}],"wp:term":[{"taxonomy":"category","embeddable":true,"href":"https:\/\/www.actualidadadiario.com\/index.php\/wp-json\/wp\/v2\/categories?post=85789"},{"taxonomy":"post_tag","embeddable":true,"href":"https:\/\/www.actualidadadiario.com\/index.php\/wp-json\/wp\/v2\/tags?post=85789"}],"curies":[{"name":"wp","href":"https:\/\/api.w.org\/{rel}","templated":true}]}}