{"id":85777,"date":"2022-05-03T13:02:32","date_gmt":"2022-05-03T16:02:32","guid":{"rendered":"https:\/\/www.actualidadadiario.com\/?p=85777"},"modified":"2022-05-03T13:02:32","modified_gmt":"2022-05-03T16:02:32","slug":"bahillo-explico-por-que-las-quintas-abandonadas-son-un-problema-para-el-sector-citricola","status":"publish","type":"post","link":"https:\/\/www.actualidadadiario.com\/index.php\/2022\/05\/03\/bahillo-explico-por-que-las-quintas-abandonadas-son-un-problema-para-el-sector-citricola\/","title":{"rendered":"Bahillo explic\u00f3 por qu\u00e9 las quintas abandonadas son un problema para el sector citr\u00edcola"},"content":{"rendered":"<p style=\"text-align: center;\"><em><strong>Al respecto, el ministro de Producci\u00f3n y Desarrollo Econ\u00f3mico de Entre R\u00edos, Juan Jos\u00e9 Bahillo, habl\u00f3 sobre la necesidad de modificar la ley citr\u00edcola provincial pero explic\u00f3 que &#8220;es un trabajo en conjunto que se da con el sector&#8221;<\/strong><\/em><\/p>\n<p>&nbsp;<\/p>\n<p>&nbsp;<\/p>\n<p>El funcionario explic\u00f3 que, en recientes reuniones con los productores citr\u00edcolas de la regi\u00f3n, &#8220;nosotros llevamos algunos temas &#8211; porque es nuestra obligaci\u00f3n &#8211; pero la agenda para el sector la debatimos en conjunto&#8221;.<\/p>\n<p>&nbsp;<\/p>\n<p><strong>Ley<\/strong><\/p>\n<p>En ese contexto, Bahillo coment\u00f3 que &#8220;coincid\u00edamos en hacer un an\u00e1lisis de la ley citr\u00edcola provincial &#8211; que ya tiene varios a\u00f1os &#8211; y poder hacer una actualizaci\u00f3n&#8221;.<\/p>\n<p>Uno de los aspectos que ya se pusieron sobre la mesa &#8220;es la posibilidad de otorgar alguna facultad a alguna autoridad como para poder ingresar a las quintas abandonadas, que representan un problema sanitario para el sector&#8221;, mencion\u00f3.<\/p>\n<p>En rigor, lo que m\u00e1s preocupa es la propagaci\u00f3n de la &#8220;Huanglongbing&#8221; o m\u00e1s conocida como HLB, una enfermedad provocada por bacterias, que afecta diversas especies de plantas entre las que est\u00e1n el lim\u00f3n, la naranja y la mandarina.<\/p>\n<p>&#8220;De nada sirve que una quinta haga todo lo que tenga que hacer si tenemos una lindera &#8211; que est\u00e9 abandonada &#8211; donde no se hagan todos los procesos de erradicaci\u00f3n de las plantas que puedan estar infectadas&#8221;, puntualiz\u00f3 el ministro.<\/p>\n","protected":false},"excerpt":{"rendered":"<p>Al respecto, el ministro de Producci\u00f3n y Desarrollo Econ\u00f3mico de Entre R\u00edos, Juan Jos\u00e9 Bahillo, habl\u00f3 sobre la necesidad de modificar la ley citr\u00edcola provincial pero explic\u00f3 que &#8220;es un trabajo en conjunto que se da con el sector&#8221; &nbsp; &nbsp; El funcionario explic\u00f3 que, en recientes reuniones con los productores citr\u00edcolas de la regi\u00f3n, &#8220;nosotros llevamos algunos temas &#8211; porque es nuestra obligaci\u00f3n &#8211; pero la agenda para el sector la debatimos en conjunto&#8221;. &nbsp; Ley En ese contexto, Bahillo coment\u00f3 que &#8220;coincid\u00edamos en hacer un an\u00e1lisis de la&#8230;<\/p>\n","protected":false},"author":3,"featured_media":85778,"comment_status":"closed","ping_status":"closed","sticky":false,"template":"","format":"standard","meta":[],"categories":[15],"tags":[],"_links":{"self":[{"href":"https:\/\/www.actualidadadiario.com\/index.php\/wp-json\/wp\/v2\/posts\/85777"}],"collection":[{"href":"https:\/\/www.actualidadadiario.com\/index.php\/wp-json\/wp\/v2\/posts"}],"about":[{"href":"https:\/\/www.actualidadadiario.com\/index.php\/wp-json\/wp\/v2\/types\/post"}],"author":[{"embeddable":true,"href":"https:\/\/www.actualidadadiario.com\/index.php\/wp-json\/wp\/v2\/users\/3"}],"replies":[{"embeddable":true,"href":"https:\/\/www.actualidadadiario.com\/index.php\/wp-json\/wp\/v2\/comments?post=85777"}],"version-history":[{"count":1,"href":"https:\/\/www.actualidadadiario.com\/index.php\/wp-json\/wp\/v2\/posts\/85777\/revisions"}],"predecessor-version":[{"id":85779,"href":"https:\/\/www.actualidadadiario.com\/index.php\/wp-json\/wp\/v2\/posts\/85777\/revisions\/85779"}],"wp:featuredmedia":[{"embeddable":true,"href":"https:\/\/www.actualidadadiario.com\/index.php\/wp-json\/wp\/v2\/media\/85778"}],"wp:attachment":[{"href":"https:\/\/www.actualidadadiario.com\/index.php\/wp-json\/wp\/v2\/media?parent=85777"}],"wp:term":[{"taxonomy":"category","embeddable":true,"href":"https:\/\/www.actualidadadiario.com\/index.php\/wp-json\/wp\/v2\/categories?post=85777"},{"taxonomy":"post_tag","embeddable":true,"href":"https:\/\/www.actualidadadiario.com\/index.php\/wp-json\/wp\/v2\/tags?post=85777"}],"curies":[{"name":"wp","href":"https:\/\/api.w.org\/{rel}","templated":true}]}}