{"id":85735,"date":"2022-05-03T12:48:03","date_gmt":"2022-05-03T15:48:03","guid":{"rendered":"https:\/\/www.actualidadadiario.com\/?p=85735"},"modified":"2022-05-03T12:48:03","modified_gmt":"2022-05-03T15:48:03","slug":"con-tres-dosis-y-el-barbijo-vas-a-pasar-un-buen-invierno-el-consejo-de-un-infectologo-a-la-poblacion","status":"publish","type":"post","link":"https:\/\/www.actualidadadiario.com\/index.php\/2022\/05\/03\/con-tres-dosis-y-el-barbijo-vas-a-pasar-un-buen-invierno-el-consejo-de-un-infectologo-a-la-poblacion\/","title":{"rendered":"&#8220;Con tres dosis y el barbijo vas a pasar un buen invierno&#8221;, el consejo de un infect\u00f3logo a la poblaci\u00f3n"},"content":{"rendered":"<p style=\"text-align: center;\"><em><strong>Hugo Pizzi, uno de los asesores del Gobierno, admiti\u00f3 que hay una &#8220;gran preocupaci\u00f3n&#8221; por el aumento de contagios de Covid<\/strong><\/em><\/p>\n<p>&nbsp;<\/p>\n<p>&nbsp;<\/p>\n<p>&nbsp;<\/p>\n<p>El infect\u00f3logo Hugo Pizzi, integrante del comit\u00e9 que asesora al Gobierno ante la pandemia de coronavirus, expres\u00f3 su &#8220;gran preocupaci\u00f3n&#8221; por el aumento en la cantidad de contagios de coronavirus frente al descenso de la temperatura. Advirti\u00f3 que &#8220;hay mucha gente que no se dio ni la segunda dosis&#8221; de la vacuna.<\/p>\n<p>&#8220;(El incremento de contagios) Es una gran preocupaci\u00f3n, porque cuando empiezan a bajar las temperaturas se cierran las ventanas, la gente se abigarra en las habitaciones y ah\u00ed las v\u00edas a\u00e9reas superiores enganchan cualquier microorganismo que haya&#8221;, sostuvo el especialista.<\/p>\n<p>En di\u00e1logo con Sin Relato, el programa que conduce Antonio Fern\u00e1ndez Llorente en La 990, el experto alert\u00f3 &#8220;hay un subregistro (de los casos de coronavirus) del que nadie habla&#8221;. Ante este contexto, el cordob\u00e9s indic\u00f3 que &#8220;lo ideal ser\u00eda estar vacunado con tres dosis contra el Covid y tambi\u00e9n la de la gripe&#8221;. Y agreg\u00f3: &#8220;Con eso y el barbijo vas a pasar un buen invierno&#8221;.<\/p>\n<p>En lo que respecta a la campa\u00f1a de vacunaci\u00f3n contra el virus Sars Cov-2, Pizzi se\u00f1al\u00f3 que &#8220;hay partidas (de vacunas) que se est\u00e1n venciendo y hay mucha gente que no se ha colocado la segunda o la tercera&#8221; dosis.<\/p>\n<p>&#8220;Muchas lugares que se hab\u00edan convertido en vacunatorios tuvieron que cerrar porque no iba gente&#8221;, cont\u00f3 el infect\u00f3logo que integra el comit\u00e9 de asesores del Gobierno ante la pandemia de Covid-19.<\/p>\n","protected":false},"excerpt":{"rendered":"<p>Hugo Pizzi, uno de los asesores del Gobierno, admiti\u00f3 que hay una &#8220;gran preocupaci\u00f3n&#8221; por el aumento de contagios de Covid &nbsp; &nbsp; &nbsp; El infect\u00f3logo Hugo Pizzi, integrante del comit\u00e9 que asesora al Gobierno ante la pandemia de coronavirus, expres\u00f3 su &#8220;gran preocupaci\u00f3n&#8221; por el aumento en la cantidad de contagios de coronavirus frente al descenso de la temperatura. Advirti\u00f3 que &#8220;hay mucha gente que no se dio ni la segunda dosis&#8221; de la vacuna. &#8220;(El incremento de contagios) Es una gran preocupaci\u00f3n, porque cuando empiezan a bajar las&#8230;<\/p>\n","protected":false},"author":3,"featured_media":74812,"comment_status":"closed","ping_status":"closed","sticky":false,"template":"","format":"standard","meta":[],"categories":[2],"tags":[],"_links":{"self":[{"href":"https:\/\/www.actualidadadiario.com\/index.php\/wp-json\/wp\/v2\/posts\/85735"}],"collection":[{"href":"https:\/\/www.actualidadadiario.com\/index.php\/wp-json\/wp\/v2\/posts"}],"about":[{"href":"https:\/\/www.actualidadadiario.com\/index.php\/wp-json\/wp\/v2\/types\/post"}],"author":[{"embeddable":true,"href":"https:\/\/www.actualidadadiario.com\/index.php\/wp-json\/wp\/v2\/users\/3"}],"replies":[{"embeddable":true,"href":"https:\/\/www.actualidadadiario.com\/index.php\/wp-json\/wp\/v2\/comments?post=85735"}],"version-history":[{"count":1,"href":"https:\/\/www.actualidadadiario.com\/index.php\/wp-json\/wp\/v2\/posts\/85735\/revisions"}],"predecessor-version":[{"id":85736,"href":"https:\/\/www.actualidadadiario.com\/index.php\/wp-json\/wp\/v2\/posts\/85735\/revisions\/85736"}],"wp:featuredmedia":[{"embeddable":true,"href":"https:\/\/www.actualidadadiario.com\/index.php\/wp-json\/wp\/v2\/media\/74812"}],"wp:attachment":[{"href":"https:\/\/www.actualidadadiario.com\/index.php\/wp-json\/wp\/v2\/media?parent=85735"}],"wp:term":[{"taxonomy":"category","embeddable":true,"href":"https:\/\/www.actualidadadiario.com\/index.php\/wp-json\/wp\/v2\/categories?post=85735"},{"taxonomy":"post_tag","embeddable":true,"href":"https:\/\/www.actualidadadiario.com\/index.php\/wp-json\/wp\/v2\/tags?post=85735"}],"curies":[{"name":"wp","href":"https:\/\/api.w.org\/{rel}","templated":true}]}}