{"id":85709,"date":"2022-05-02T13:09:50","date_gmt":"2022-05-02T16:09:50","guid":{"rendered":"https:\/\/www.actualidadadiario.com\/?p=85709"},"modified":"2022-05-02T13:09:50","modified_gmt":"2022-05-02T16:09:50","slug":"el-jueves-abre-nuevamente-la-adopcion-para-quienes-quieran-adoptar","status":"publish","type":"post","link":"https:\/\/www.actualidadadiario.com\/index.php\/2022\/05\/02\/el-jueves-abre-nuevamente-la-adopcion-para-quienes-quieran-adoptar\/","title":{"rendered":"El jueves abre nuevamente la adopci\u00f3n para quienes quieran adoptar"},"content":{"rendered":"<p style=\"text-align: center;\"><em><strong>Entre el jueves 5 y el 19 de mayo inclusive estar\u00e1 abierta la segunda convocatoria del a\u00f1o para recibir solicitudes de inscripci\u00f3n al Registro \u00danico de Aspirantes a Guarda con Fines Adoptivos de la provincia de Entre R\u00edos (Ruaer). Previo a la inscripci\u00f3n -que podr\u00e1 realizarse por el t\u00e9rmino de diez d\u00edas h\u00e1biles- habr\u00e1 un encuentro virtual con car\u00e1cter obligatorio<\/strong><\/em><\/p>\n<p>&nbsp;<\/p>\n<p>&nbsp;<\/p>\n<p>En ese marco, el mi\u00e9rcoles 4 a las 13:30 se llevar\u00e1 a cabo el Encuentro Virtual Obligatorio por modalidad zoom. Este es el primer paso para solicitar la inscripci\u00f3n en el Registro. En esa instancia se brindar\u00e1 informaci\u00f3n relevante sobre el tr\u00e1mite a realizar y, en particular, se abordar\u00e1 la realidad de la adopci\u00f3n y sus implicancias.<\/p>\n<p>Quienes est\u00e9n interesados en participar deben completar el siguiente formulario: https:\/\/forms.gle\/SuVWRQScY9ExyH9k8<\/p>\n<p>Las personas que asistan al encuentro estar\u00e1n habilitadas entre el 5 y el 19 de mayo a remitir el formulario de inscripci\u00f3n y la documentaci\u00f3n requerida por ley para integrar el Legajo.<\/p>\n<p>Se recuerda que este tr\u00e1mite es exclusivo para personas residentes en Entre R\u00edos y que se realiza a distancia, mediante la remisi\u00f3n de correo electr\u00f3nico.<\/p>\n<p>Toda la informaci\u00f3n referente al paso a paso de la solicitud de inscripci\u00f3n, como as\u00ed tambi\u00e9n el detalle de los requisitos a presentar est\u00e1 disponible en https:\/\/inscripcionruaer.jusentrerios.gov.ar\/<\/p>\n<p>Para realizar consultas, deben comunicarse de lunes a viernes de 7 a 13 a los tel\u00e9fonos: (0343) 4209575\/76, por correo electr\u00f3nico (ruaer@jusentrerios.gov.ar) o a trav\u00e9s de whatsapp al 549 343 5329475. Tambi\u00e9n est\u00e1n disponibles las redes sociales: Instagram: @ruaer_mpd y Facebook: Registro de Adoptantes de Entre R\u00edos (Ruaer).<\/p>\n","protected":false},"excerpt":{"rendered":"<p>Entre el jueves 5 y el 19 de mayo inclusive estar\u00e1 abierta la segunda convocatoria del a\u00f1o para recibir solicitudes de inscripci\u00f3n al Registro \u00danico de Aspirantes a Guarda con Fines Adoptivos de la provincia de Entre R\u00edos (Ruaer). Previo a la inscripci\u00f3n -que podr\u00e1 realizarse por el t\u00e9rmino de diez d\u00edas h\u00e1biles- habr\u00e1 un encuentro virtual con car\u00e1cter obligatorio &nbsp; &nbsp; En ese marco, el mi\u00e9rcoles 4 a las 13:30 se llevar\u00e1 a cabo el Encuentro Virtual Obligatorio por modalidad zoom. Este es el primer paso para solicitar la&#8230;<\/p>\n","protected":false},"author":3,"featured_media":81927,"comment_status":"closed","ping_status":"closed","sticky":false,"template":"","format":"standard","meta":[],"categories":[15],"tags":[],"_links":{"self":[{"href":"https:\/\/www.actualidadadiario.com\/index.php\/wp-json\/wp\/v2\/posts\/85709"}],"collection":[{"href":"https:\/\/www.actualidadadiario.com\/index.php\/wp-json\/wp\/v2\/posts"}],"about":[{"href":"https:\/\/www.actualidadadiario.com\/index.php\/wp-json\/wp\/v2\/types\/post"}],"author":[{"embeddable":true,"href":"https:\/\/www.actualidadadiario.com\/index.php\/wp-json\/wp\/v2\/users\/3"}],"replies":[{"embeddable":true,"href":"https:\/\/www.actualidadadiario.com\/index.php\/wp-json\/wp\/v2\/comments?post=85709"}],"version-history":[{"count":1,"href":"https:\/\/www.actualidadadiario.com\/index.php\/wp-json\/wp\/v2\/posts\/85709\/revisions"}],"predecessor-version":[{"id":85710,"href":"https:\/\/www.actualidadadiario.com\/index.php\/wp-json\/wp\/v2\/posts\/85709\/revisions\/85710"}],"wp:featuredmedia":[{"embeddable":true,"href":"https:\/\/www.actualidadadiario.com\/index.php\/wp-json\/wp\/v2\/media\/81927"}],"wp:attachment":[{"href":"https:\/\/www.actualidadadiario.com\/index.php\/wp-json\/wp\/v2\/media?parent=85709"}],"wp:term":[{"taxonomy":"category","embeddable":true,"href":"https:\/\/www.actualidadadiario.com\/index.php\/wp-json\/wp\/v2\/categories?post=85709"},{"taxonomy":"post_tag","embeddable":true,"href":"https:\/\/www.actualidadadiario.com\/index.php\/wp-json\/wp\/v2\/tags?post=85709"}],"curies":[{"name":"wp","href":"https:\/\/api.w.org\/{rel}","templated":true}]}}