{"id":85707,"date":"2022-05-02T13:09:08","date_gmt":"2022-05-02T16:09:08","guid":{"rendered":"https:\/\/www.actualidadadiario.com\/?p=85707"},"modified":"2022-05-02T13:09:08","modified_gmt":"2022-05-02T16:09:08","slug":"la-zona-continua-sin-registrar-casos-de-covid","status":"publish","type":"post","link":"https:\/\/www.actualidadadiario.com\/index.php\/2022\/05\/02\/la-zona-continua-sin-registrar-casos-de-covid\/","title":{"rendered":"La zona contin\u00faa sin registrar casos de Covid"},"content":{"rendered":"<p style=\"text-align: center;\"><em><strong>El dato fue aportado por el reporte de actualizaci\u00f3n epidemiol\u00f3gica del hospital Santa Rosa correspondiente a este lunes 2 de mayo. No hay nuevo casos activos de Covid<\/strong><\/em><\/p>\n<p>&nbsp;<\/p>\n<p><strong>Nuevos casos\u00a0 <\/strong><\/p>\n<p>No se han notificado nuevos casos positivos.<\/p>\n<p>&nbsp;<\/p>\n<p><strong>Altas\u00a0\u00a0 <\/strong><\/p>\n<p>Se han registrado 2 altas m\u00e9dicas de Chajar\u00ed.<\/p>\n<p>&nbsp;<\/p>\n<p><strong>Decesos\u00a0 <\/strong><\/p>\n<p>No se han notificado decesos.<\/p>\n<p>&nbsp;<\/p>\n<p><strong>Decesos totales <\/strong><\/p>\n<p>107 fallecidos (3 Santa Ana \u2013 86 Chajar\u00ed \u2013 7 Villa del Rosario \u2013 1 La Florida \u2013 2 C. Belgrano \u2013 6 San Jaime de la Frontera \u2013 1 C. Freitas \u2013 1 Los Conquistadores).<\/p>\n<p>&nbsp;<\/p>\n<p>No se registran casos activos.<\/p>\n<p>El pr\u00f3ximo reporte epidemiol\u00f3gico se realizar\u00e1 el 9 de mayo, bajo la misma metodolog\u00eda.<\/p>\n","protected":false},"excerpt":{"rendered":"<p>El dato fue aportado por el reporte de actualizaci\u00f3n epidemiol\u00f3gica del hospital Santa Rosa correspondiente a este lunes 2 de mayo. No hay nuevo casos activos de Covid &nbsp; Nuevos casos\u00a0 No se han notificado nuevos casos positivos. &nbsp; Altas\u00a0\u00a0 Se han registrado 2 altas m\u00e9dicas de Chajar\u00ed. &nbsp; Decesos\u00a0 No se han notificado decesos. &nbsp; Decesos totales 107 fallecidos (3 Santa Ana \u2013 86 Chajar\u00ed \u2013 7 Villa del Rosario \u2013 1 La Florida \u2013 2 C. Belgrano \u2013 6 San Jaime de la Frontera \u2013 1 C. Freitas&#8230;<\/p>\n","protected":false},"author":3,"featured_media":70371,"comment_status":"closed","ping_status":"closed","sticky":false,"template":"","format":"standard","meta":[],"categories":[15],"tags":[],"_links":{"self":[{"href":"https:\/\/www.actualidadadiario.com\/index.php\/wp-json\/wp\/v2\/posts\/85707"}],"collection":[{"href":"https:\/\/www.actualidadadiario.com\/index.php\/wp-json\/wp\/v2\/posts"}],"about":[{"href":"https:\/\/www.actualidadadiario.com\/index.php\/wp-json\/wp\/v2\/types\/post"}],"author":[{"embeddable":true,"href":"https:\/\/www.actualidadadiario.com\/index.php\/wp-json\/wp\/v2\/users\/3"}],"replies":[{"embeddable":true,"href":"https:\/\/www.actualidadadiario.com\/index.php\/wp-json\/wp\/v2\/comments?post=85707"}],"version-history":[{"count":1,"href":"https:\/\/www.actualidadadiario.com\/index.php\/wp-json\/wp\/v2\/posts\/85707\/revisions"}],"predecessor-version":[{"id":85708,"href":"https:\/\/www.actualidadadiario.com\/index.php\/wp-json\/wp\/v2\/posts\/85707\/revisions\/85708"}],"wp:featuredmedia":[{"embeddable":true,"href":"https:\/\/www.actualidadadiario.com\/index.php\/wp-json\/wp\/v2\/media\/70371"}],"wp:attachment":[{"href":"https:\/\/www.actualidadadiario.com\/index.php\/wp-json\/wp\/v2\/media?parent=85707"}],"wp:term":[{"taxonomy":"category","embeddable":true,"href":"https:\/\/www.actualidadadiario.com\/index.php\/wp-json\/wp\/v2\/categories?post=85707"},{"taxonomy":"post_tag","embeddable":true,"href":"https:\/\/www.actualidadadiario.com\/index.php\/wp-json\/wp\/v2\/tags?post=85707"}],"curies":[{"name":"wp","href":"https:\/\/api.w.org\/{rel}","templated":true}]}}