{"id":85705,"date":"2022-05-02T13:07:34","date_gmt":"2022-05-02T16:07:34","guid":{"rendered":"https:\/\/www.actualidadadiario.com\/?p=85705"},"modified":"2022-05-02T13:07:34","modified_gmt":"2022-05-02T16:07:34","slug":"panozzo-reclamo-el-juicio-por-los-terrenos-en-termas-y-arremetio-contra-la-expropiacion-fallida-del-gobierno-actual","status":"publish","type":"post","link":"https:\/\/www.actualidadadiario.com\/index.php\/2022\/05\/02\/panozzo-reclamo-el-juicio-por-los-terrenos-en-termas-y-arremetio-contra-la-expropiacion-fallida-del-gobierno-actual\/","title":{"rendered":"Panozzo reclam\u00f3 el juicio por los terrenos en termas y arremeti\u00f3 contra la expropiaci\u00f3n fallida del gobierno actual"},"content":{"rendered":"<p style=\"text-align: center;\"><em><strong>El ex intendente de Chajar\u00ed, Jos\u00e9 Luis Panozzo, realiz\u00f3 declaraciones sobre la causa que data de 2014, mediante la cual se investiga la venta de terrenos en el parque termal, durante su gesti\u00f3n de gobierno<\/strong><\/em><\/p>\n<p>&nbsp;<\/p>\n<p>&nbsp;<\/p>\n<p>\u201cUna causa netamente pol\u00edtica, que la reflotan cada vez que hay calendario electoral\u201d, afirm\u00f3 sobre la misma.<\/p>\n<p>Record\u00f3 que se llam\u00f3 a licitaci\u00f3n p\u00fablica con un precio acordado por los concejales, quedando desierta en dos oportunidades. \u201cAnd\u00e1bamos ofertando los terrenos para quienes quer\u00edan adquirir y segu\u00edan sin vender. Cualquier ciudadano pod\u00eda acceder (\u2026) Ninguno de los que compraron tienen vinculaci\u00f3n ni en lo familiar ni en amistades en lo que respecta a mi persona\u201d, manifest\u00f3. Apunt\u00f3 que est\u00e1 clara \u201cla animosidad en esta causa\u201d.<\/p>\n<p>Panozzo reclam\u00f3 se concrete el juicio oral y p\u00fablico porque \u201cqueremos aclarar. Hoy vamos a agregar una documentaci\u00f3n no menor. En ese mismo lugar, Cambiemos hizo una expropiaci\u00f3n por un precio irrisorio de 11 o 12 pesos el metro cuadrado. Cuando nosotros, 8 a\u00f1os atr\u00e1s hab\u00edamos vendido a 100 pesos. Lo vendimos y lo cobramos. Poco y nada se dice de los 19 millones de pesos que salieron por esa expropiaci\u00f3n fallida del Gobierno de Cambiemos. Queremos que eso sea tambi\u00e9n puesto en el debate\u201d, dijo sobre los terrenos ubicados frente al complejo termal y que finalmente no fue adquirido por la comuna, aunque s\u00ed implic\u00f3 una erogaci\u00f3n.<\/p>\n<p>Tambi\u00e9n cuestion\u00f3 al Concejo Deliberante, que \u201cno est\u00e1 a la altura de las circunstancias\u201d, por no avanzar en una denuncia sobre lo sucedido con ese dinero que sali\u00f3 de la caja municipal para honorarios y por un predio finalmente no se adquiri\u00f3.<\/p>\n<p>\u201cVamos a aportar escrituras de algunas escriban\u00edas locales, donde terrenos vendidos en pleno centro estaban muy por debajo al precio que vendimos (\u2026) de manera que el precio vil nunca existi\u00f3\u201d, se\u00f1al\u00f3 e insisti\u00f3: \u201cPor eso queremos el juicio oral\u201d.<\/p>\n<p>\u201cEvidentemente es una causa que hay que reflotarla cuando hay elecciones. Queremos que eso se pueda resolver, queremos que quede claro ante la sociedad, tuvimos la condena social de Chajar\u00ed. No pas\u00f3 lo mismo con los 19 millones, nadie se hace cargo, nadie habla sobre el tema. Le vamos a preguntar a la Justicia tambi\u00e9n\u201d, remarc\u00f3.<\/p>\n<p>Por otra parte, con referencia a la gesti\u00f3n actual de gobierno, Panozzo entendi\u00f3 que la misma \u201cpuso el ojo en el centro de la ciudad, en hermosear la misma (\u2026) En los barrios, hoy, hay una necesidad en cuanto a la salud, a la educaci\u00f3n y a la acci\u00f3n social (\u2026) nos sacaron lo de accidentolog\u00eda en la v\u00eda p\u00fablica, que daba una respuesta, que nos daba tranquilidad (\u2026) puso marketing, pero a la hora de mencionar obras estructurales, pregunto cu\u00e1ntos nuevos centros de salud se hicieron en Chajar\u00ed\u201d.<\/p>\n<p>Por \u00faltimo, puso \u00e9nfasis en su deseo en cuanto a que se concrete el juicio oral que se anuncia \u201cen a\u00f1os electorales\u201d. Vale recordar que la causa en cuesti\u00f3n mantiene imputados a varios ex funcionarios y\/o familiares vinculados a la gesti\u00f3n de gobierno de Panozzo, quienes oportunamente adquirieron los terrenos en el parque termal.<\/p>\n","protected":false},"excerpt":{"rendered":"<p>El ex intendente de Chajar\u00ed, Jos\u00e9 Luis Panozzo, realiz\u00f3 declaraciones sobre la causa que data de 2014, mediante la cual se investiga la venta de terrenos en el parque termal, durante su gesti\u00f3n de gobierno &nbsp; &nbsp; \u201cUna causa netamente pol\u00edtica, que la reflotan cada vez que hay calendario electoral\u201d, afirm\u00f3 sobre la misma. Record\u00f3 que se llam\u00f3 a licitaci\u00f3n p\u00fablica con un precio acordado por los concejales, quedando desierta en dos oportunidades. \u201cAnd\u00e1bamos ofertando los terrenos para quienes quer\u00edan adquirir y segu\u00edan sin vender. Cualquier ciudadano pod\u00eda acceder (\u2026)&#8230;<\/p>\n","protected":false},"author":3,"featured_media":16205,"comment_status":"closed","ping_status":"closed","sticky":false,"template":"","format":"standard","meta":[],"categories":[9,15],"tags":[],"_links":{"self":[{"href":"https:\/\/www.actualidadadiario.com\/index.php\/wp-json\/wp\/v2\/posts\/85705"}],"collection":[{"href":"https:\/\/www.actualidadadiario.com\/index.php\/wp-json\/wp\/v2\/posts"}],"about":[{"href":"https:\/\/www.actualidadadiario.com\/index.php\/wp-json\/wp\/v2\/types\/post"}],"author":[{"embeddable":true,"href":"https:\/\/www.actualidadadiario.com\/index.php\/wp-json\/wp\/v2\/users\/3"}],"replies":[{"embeddable":true,"href":"https:\/\/www.actualidadadiario.com\/index.php\/wp-json\/wp\/v2\/comments?post=85705"}],"version-history":[{"count":1,"href":"https:\/\/www.actualidadadiario.com\/index.php\/wp-json\/wp\/v2\/posts\/85705\/revisions"}],"predecessor-version":[{"id":85706,"href":"https:\/\/www.actualidadadiario.com\/index.php\/wp-json\/wp\/v2\/posts\/85705\/revisions\/85706"}],"wp:featuredmedia":[{"embeddable":true,"href":"https:\/\/www.actualidadadiario.com\/index.php\/wp-json\/wp\/v2\/media\/16205"}],"wp:attachment":[{"href":"https:\/\/www.actualidadadiario.com\/index.php\/wp-json\/wp\/v2\/media?parent=85705"}],"wp:term":[{"taxonomy":"category","embeddable":true,"href":"https:\/\/www.actualidadadiario.com\/index.php\/wp-json\/wp\/v2\/categories?post=85705"},{"taxonomy":"post_tag","embeddable":true,"href":"https:\/\/www.actualidadadiario.com\/index.php\/wp-json\/wp\/v2\/tags?post=85705"}],"curies":[{"name":"wp","href":"https:\/\/api.w.org\/{rel}","templated":true}]}}