{"id":85702,"date":"2022-05-02T13:06:49","date_gmt":"2022-05-02T16:06:49","guid":{"rendered":"https:\/\/www.actualidadadiario.com\/?p=85702"},"modified":"2022-05-02T13:06:49","modified_gmt":"2022-05-02T16:06:49","slug":"en-mas-de-30-municipios-de-la-provincia-crece-la-economia-social-a-traves-de-microcreditos","status":"publish","type":"post","link":"https:\/\/www.actualidadadiario.com\/index.php\/2022\/05\/02\/en-mas-de-30-municipios-de-la-provincia-crece-la-economia-social-a-traves-de-microcreditos\/","title":{"rendered":"En m\u00e1s de 30 municipios de la provincia crece la Econom\u00eda Social a trav\u00e9s de microcr\u00e9ditos"},"content":{"rendered":"<p style=\"text-align: center;\"><em><strong>Doce emprendedores y emprendedoras de la Econom\u00eda Social de Larroque, que se dedican a la gastronom\u00eda, la confecci\u00f3n de prendas en lana, tejido y algod\u00f3n, la venta de calzados, la peluquer\u00eda y pasteler\u00eda, recibieron los microcr\u00e9ditos<\/strong><\/em><\/p>\n<p>&nbsp;<\/p>\n<p>&nbsp;<\/p>\n<p>&nbsp;<\/p>\n<p>El secretario de Econom\u00eda Social de la provincia, Luis Precerutti, y la directora de Microcr\u00e9ditos y Econom\u00eda Social, Hortencia Torres, participaron del acto de entrega de los cr\u00e9ditos, realizado en el Sal\u00f3n del Concejo Deliberante de Larroque, junto al presidente municipal, Leonardo Hassell, y la diputada Mariana Farf\u00e1n, entre otras autoridades.<\/p>\n<p>Durante la actividad, Precerutti mencion\u00f3: \u201cEstamos celebrando la vida, junto a emprendedores y emprendedoras que pueden plasmar sus proyectos y cumplir sus sue\u00f1os. Esto es posible porque hay un Estado presente, nacional, provincial y municipal, que entrega cr\u00e9ditos a tasa cero, como parte de un trabajo articulado con el gobierno nacional, que nos ha trazado nuestro gobernador Gustavo Bordet. Por eso, como planteamos siempre, para la Econom\u00eda Social es m\u00e1s importante la persona que el dinero, importa mejorar la calidad de vida, esos son sus valores\u201d.<\/p>\n<p>Por su parte, Hassell sostuvo: \u201cEstas entregas son producto de un trabajo articulado de nuestro municipio con Naci\u00f3n y el gobierno provincial. Los microcr\u00e9ditos son muy \u00fatiles para nuestra comunidad porque inyectan dinero en la ciudad, y es por eso que las implementamos coordinadamente con el Ministerio de Desarrollo Social, a trav\u00e9s de su Secretar\u00eda de Econom\u00eda Social\u201d.<\/p>\n<p>A su vez, Farf\u00e1n indic\u00f3: \u201cLos microcr\u00e9ditos son una gran herramienta de trabajo que funcionan de muy buena manera, generando alternativas para que las mujeres, que son en su mayor\u00eda quienes lo perciben, puedan colaborar en la econom\u00eda del hogar\u201d.<\/p>\n<p>En tanto, Hortencia Torres destac\u00f3: \u201cUna vez m\u00e1s acompa\u00f1amos a los emprendedores de Larroque que reciben recr\u00e9ditos, esto significa que han podido devolver su primer cr\u00e9dito a tasa cero y con garant\u00eda solidaria. Este Programa se desarrolla en m\u00e1s de 30 municipios de la provincia fortaleciendo la Econom\u00eda Social. Para nosotros es un orgullo ver el crecimiento de los emprendedores y el entramado social, que se va generando en cada comunidad\u201d.<\/p>\n<p>&nbsp;<\/p>\n<p><strong>Microcr\u00e9ditos<\/strong><\/p>\n<p>Los recursos se entregaron en el marco del programa Microcr\u00e9ditos para el Desarrollo de la Econom\u00eda Social, y esto es posible a partir del trabajo conjunto entre el Ministerio de Desarrollo Social de la provincia, la Comisi\u00f3n Nacional de Microcr\u00e9ditos (Conami) y el municipio.<\/p>\n<p>Los fondos otorgados provienen de la Conami y en Entre R\u00edos el programa se implementa mediante la Secretar\u00eda de Econom\u00eda Social de la cartera Social. Con los montos recibidos, los emprendedores y emprendedoras de la Econom\u00eda Social pueden incrementar sus ingresos y hacer crecer su producci\u00f3n a trav\u00e9s de la asistencia financiera, t\u00e9cnica y la capacitaci\u00f3n.<\/p>\n<p>Los microcr\u00e9ditos son pr\u00e9stamos, con garant\u00eda solidaria, que se destinan a personas que impulsan emprendimientos productivos, comerciales o de servicios.<\/p>\n<p>&nbsp;<\/p>\n<p><strong>Presencias<\/strong><\/p>\n<p>La actividad cont\u00f3 adem\u00e1s con la presencia de los secretarios de Gabinete y Gobierno, Diego Ortolano y Mauricio Krenn; la coordinadora del \u00c1rea de Producci\u00f3n y Desarrollo Econ\u00f3mico, Andrea Gervasoni, y concejales, entre otras autoridades locales.<\/p>\n","protected":false},"excerpt":{"rendered":"<p>Doce emprendedores y emprendedoras de la Econom\u00eda Social de Larroque, que se dedican a la gastronom\u00eda, la confecci\u00f3n de prendas en lana, tejido y algod\u00f3n, la venta de calzados, la peluquer\u00eda y pasteler\u00eda, recibieron los microcr\u00e9ditos &nbsp; &nbsp; &nbsp; El secretario de Econom\u00eda Social de la provincia, Luis Precerutti, y la directora de Microcr\u00e9ditos y Econom\u00eda Social, Hortencia Torres, participaron del acto de entrega de los cr\u00e9ditos, realizado en el Sal\u00f3n del Concejo Deliberante de Larroque, junto al presidente municipal, Leonardo Hassell, y la diputada Mariana Farf\u00e1n, entre otras autoridades&#8230;.<\/p>\n","protected":false},"author":3,"featured_media":85703,"comment_status":"closed","ping_status":"closed","sticky":false,"template":"","format":"standard","meta":[],"categories":[15],"tags":[],"_links":{"self":[{"href":"https:\/\/www.actualidadadiario.com\/index.php\/wp-json\/wp\/v2\/posts\/85702"}],"collection":[{"href":"https:\/\/www.actualidadadiario.com\/index.php\/wp-json\/wp\/v2\/posts"}],"about":[{"href":"https:\/\/www.actualidadadiario.com\/index.php\/wp-json\/wp\/v2\/types\/post"}],"author":[{"embeddable":true,"href":"https:\/\/www.actualidadadiario.com\/index.php\/wp-json\/wp\/v2\/users\/3"}],"replies":[{"embeddable":true,"href":"https:\/\/www.actualidadadiario.com\/index.php\/wp-json\/wp\/v2\/comments?post=85702"}],"version-history":[{"count":1,"href":"https:\/\/www.actualidadadiario.com\/index.php\/wp-json\/wp\/v2\/posts\/85702\/revisions"}],"predecessor-version":[{"id":85704,"href":"https:\/\/www.actualidadadiario.com\/index.php\/wp-json\/wp\/v2\/posts\/85702\/revisions\/85704"}],"wp:featuredmedia":[{"embeddable":true,"href":"https:\/\/www.actualidadadiario.com\/index.php\/wp-json\/wp\/v2\/media\/85703"}],"wp:attachment":[{"href":"https:\/\/www.actualidadadiario.com\/index.php\/wp-json\/wp\/v2\/media?parent=85702"}],"wp:term":[{"taxonomy":"category","embeddable":true,"href":"https:\/\/www.actualidadadiario.com\/index.php\/wp-json\/wp\/v2\/categories?post=85702"},{"taxonomy":"post_tag","embeddable":true,"href":"https:\/\/www.actualidadadiario.com\/index.php\/wp-json\/wp\/v2\/tags?post=85702"}],"curies":[{"name":"wp","href":"https:\/\/api.w.org\/{rel}","templated":true}]}}