{"id":85696,"date":"2022-05-02T13:05:23","date_gmt":"2022-05-02T16:05:23","guid":{"rendered":"https:\/\/www.actualidadadiario.com\/?p=85696"},"modified":"2022-05-02T13:05:23","modified_gmt":"2022-05-02T16:05:23","slug":"intensa-agenda-del-frente-de-todos-en-diputados","status":"publish","type":"post","link":"https:\/\/www.actualidadadiario.com\/index.php\/2022\/05\/02\/intensa-agenda-del-frente-de-todos-en-diputados\/","title":{"rendered":"Intensa agenda del Frente de Todos en Diputados"},"content":{"rendered":"<p style=\"text-align: center;\"><em><strong>La decisi\u00f3n del oficialismo es retomar la agenda parlamentaria con temas que ya cumplen con un amplio consenso como la nueva ley de VIH y el Cannabis Medicinal. A su vez, buscan abordar aquellas discusiones pendientes, como la situaci\u00f3n de los cr\u00e9ditos UVA<\/strong><\/em><\/p>\n<p>&nbsp;<\/p>\n<p>&nbsp;<\/p>\n<p>El bloque oficialista del Frente de Todos (FdT) buscar\u00e1 esta semana avanzar con la agenda parlamentaria e impulsar\u00e1 la firma de dict\u00e1menes de proyectos que cuentan con amplio consenso, como la nueva ley de VIH, Cannabis Medicinal, un r\u00e9gimen de incentivos para la adquisici\u00f3n de taxis y una ley con beneficios para el sector de la construcci\u00f3n.<\/p>\n<p>Fuentes parlamentarias se\u00f1alaron que la intenci\u00f3n del bloque oficialista que preside Germ\u00e1n Mart\u00ednez es avanzar el martes con algunos dict\u00e1menes de proyectos que cuentan con amplio consenso, y no descartan convocar a una sesi\u00f3n el mi\u00e9rcoles por la tarde para debatirlos en el recinto un d\u00eda despu\u00e9s.<\/p>\n<p>La decisi\u00f3n del oficialismo es retomar la agenda parlamentaria con temas pendientes y descomprimir as\u00ed la ofensiva de los bloques opositores que pidieron para el jueves pr\u00f3ximo dos sesiones especiales para debatir, por un lado, una ley de boleta \u00fanica de papel como instrumento de sufragio y la situaci\u00f3n de los cr\u00e9ditos UVA, por el otro.<\/p>\n<p>Las fuentes no descartan que el oficialismo impulse una negociaci\u00f3n que permita realizar una sesi\u00f3n con temas que cuenten con consenso de los bloques opositores.<\/p>\n<p>&#8220;Los proyectos electorales son tan importantes que no pueden estar sujetos a ninguna reforma a trav\u00e9s de un Decreto de Necesidad y Urgencia (DNU), porque el Poder Ejecutivo lo tiene vedado. Entonces, \u00bfc\u00f3mo lo vamos a sacar a trav\u00e9s de una ley sobre tablas, ya que no tiene dictamen de comisi\u00f3n?&#8221;, afirm\u00f3 Mart\u00ednez al ser consultado por el pedido opositor.<\/p>\n<p>Con esta estrategia, el oficialismo aspira a reactivar la agenda parlamentaria de la C\u00e1mara baja, a dos meses del inicio del per\u00edodo ordinario de sesiones -el 1 de marzo-.<\/p>\n<p>La falta de acuerdos para constituir las comisiones debido a las diferencias internas tanto en el bloque oficialista como por la fragmentaci\u00f3n de Juntos por el Cambio (JxC), as\u00ed como la paridad de fuerzas entre ambos espacios, impidieron avanzar en los temas pendientes.<\/p>\n<p>Ahora, y tras el acuerdo entre los diferentes bloques que integran la C\u00e1mara baja, que permiti\u00f3 la semana pasada la constituci\u00f3n de una decena de comisiones, el oficialismo busca avanzar en un conjunto de dict\u00e1menes de proyectos, la mayor\u00eda de ellos con consenso, algunos incluidos en el llamado a sesiones extraordinarias que finalmente no se trataron en ese per\u00edodo.<\/p>\n<p>&nbsp;<\/p>\n<p><strong>La agenda durante la sesi\u00f3n<\/strong><\/p>\n<p>Para el martes, a las 12, en principio, ya se oficializ\u00f3 la convocatoria a la Comisi\u00f3n de Presupuesto y Hacienda, que preside Carlos Heller (FdT), para avanzar en el dictamen del proyecto que establece la creaci\u00f3n del r\u00e9gimen transitorio de reintegros impositivos para la adquisici\u00f3n de las unidades que prestan el servicio de taxis.<\/p>\n<p>Tambi\u00e9n, esa comisi\u00f3n buscar\u00e1 emitir dictamen en esa misma reuni\u00f3n del proyecto que prorroga hasta el 31 de diciembre de 2072 las asignaciones espec\u00edficas previstas para industrias e institucionales culturales, respecto a los impuestos.<\/p>\n<p>Una hora despu\u00e9s, a las 13, un plenario de las comisiones de Acci\u00f3n Social y Salud, que se constituy\u00f3 la semana pasada y que qued\u00f3 a cargo de la socialista M\u00f3nica Fein, junto con la de Presupuesto, avanzar\u00e1n en la firma del dictamen de un proyecto para declarar de inter\u00e9s p\u00fablico nacional la respuesta integral a la infecci\u00f3n VIH, las hepatitis Virales, la Tuberculosis y las Infecciones de Transmisi\u00f3n Sexual.<\/p>\n<p>Se trata de un proyecto impulsado por la diputada nacional Carolina Gaillard (FdT) que busca una respuesta integral a personas con esa enfermedad, hepatitis virales, tuberculosis y enfermedades de transmisi\u00f3n sexual y que cuenta con apoyo transversal de diputados de todos los bloques.<\/p>\n<p>A las 14, en tanto, un plenario de la comisi\u00f3n de Agricultura, que qued\u00f3 constituida la semana pasada, presidida por el radical Ricardo Buryaile, y la de Presupuesto, avanzar\u00e1n en la firma del dictamen del proyecto de Cannabis Medicinal, que cuenta con sanci\u00f3n del Senado, y que crea el marco regulatorio para el desarrollo de la industria del cannabis medicinal y el c\u00e1\u00f1amo industrial.<\/p>\n<p>Esta iniciativa establece un marco legal que autoriza, a trav\u00e9s de un fuerte esquema regulatorio, las etapas de siembra, cultivo, cosecha, producci\u00f3n, almacenamiento, transporte, comercializaci\u00f3n, importaci\u00f3n, exportaci\u00f3n y posesi\u00f3n de semillas de cannabis, de la planta de cannabis, y de sus derivados, con fines de aplicaci\u00f3n medicinal, terap\u00e9utica, paliativa o de investigaci\u00f3n cient\u00edfica.<\/p>\n<p>Otra de las comisiones que se reunir\u00e1 el mismo martes pero a las 15 ser\u00e1 la de Legislaci\u00f3n General, que preside Cecilia Moreau, para avanzar en la pr\u00f3rroga del R\u00e9gimen de Incentivo a la Construcci\u00f3n Federal Argentina y Acceso a la Vivienda.<\/p>\n<p>De acuerdo al proyecto, se establece una pr\u00f3rroga por 90 d\u00edas del r\u00e9gimen de incentivo a la construcci\u00f3n de viviendas, estima beneficios impositivos en el pago de ganancias y bienes personales para planes de construcci\u00f3n de unidades habitacionales.<\/p>\n<p>Para el mi\u00e9rcoles por la ma\u00f1ana, en tanto, la comisi\u00f3n de Poblaci\u00f3n, que qued\u00f3 a cargo la semana pasada de la diputada de PRO Camila Crescimbeni, acord\u00f3 citar al titular del INDEC, Marco Lavagna, para que explique detalles del operativo en torno al Censo 2022.<\/p>\n","protected":false},"excerpt":{"rendered":"<p>La decisi\u00f3n del oficialismo es retomar la agenda parlamentaria con temas que ya cumplen con un amplio consenso como la nueva ley de VIH y el Cannabis Medicinal. A su vez, buscan abordar aquellas discusiones pendientes, como la situaci\u00f3n de los cr\u00e9ditos UVA &nbsp; &nbsp; El bloque oficialista del Frente de Todos (FdT) buscar\u00e1 esta semana avanzar con la agenda parlamentaria e impulsar\u00e1 la firma de dict\u00e1menes de proyectos que cuentan con amplio consenso, como la nueva ley de VIH, Cannabis Medicinal, un r\u00e9gimen de incentivos para la adquisici\u00f3n de&#8230;<\/p>\n","protected":false},"author":3,"featured_media":78486,"comment_status":"closed","ping_status":"closed","sticky":false,"template":"","format":"standard","meta":[],"categories":[18],"tags":[],"_links":{"self":[{"href":"https:\/\/www.actualidadadiario.com\/index.php\/wp-json\/wp\/v2\/posts\/85696"}],"collection":[{"href":"https:\/\/www.actualidadadiario.com\/index.php\/wp-json\/wp\/v2\/posts"}],"about":[{"href":"https:\/\/www.actualidadadiario.com\/index.php\/wp-json\/wp\/v2\/types\/post"}],"author":[{"embeddable":true,"href":"https:\/\/www.actualidadadiario.com\/index.php\/wp-json\/wp\/v2\/users\/3"}],"replies":[{"embeddable":true,"href":"https:\/\/www.actualidadadiario.com\/index.php\/wp-json\/wp\/v2\/comments?post=85696"}],"version-history":[{"count":2,"href":"https:\/\/www.actualidadadiario.com\/index.php\/wp-json\/wp\/v2\/posts\/85696\/revisions"}],"predecessor-version":[{"id":85698,"href":"https:\/\/www.actualidadadiario.com\/index.php\/wp-json\/wp\/v2\/posts\/85696\/revisions\/85698"}],"wp:featuredmedia":[{"embeddable":true,"href":"https:\/\/www.actualidadadiario.com\/index.php\/wp-json\/wp\/v2\/media\/78486"}],"wp:attachment":[{"href":"https:\/\/www.actualidadadiario.com\/index.php\/wp-json\/wp\/v2\/media?parent=85696"}],"wp:term":[{"taxonomy":"category","embeddable":true,"href":"https:\/\/www.actualidadadiario.com\/index.php\/wp-json\/wp\/v2\/categories?post=85696"},{"taxonomy":"post_tag","embeddable":true,"href":"https:\/\/www.actualidadadiario.com\/index.php\/wp-json\/wp\/v2\/tags?post=85696"}],"curies":[{"name":"wp","href":"https:\/\/api.w.org\/{rel}","templated":true}]}}