{"id":85693,"date":"2022-05-02T13:04:24","date_gmt":"2022-05-02T16:04:24","guid":{"rendered":"https:\/\/www.actualidadadiario.com\/?p=85693"},"modified":"2022-05-02T13:04:24","modified_gmt":"2022-05-02T16:04:24","slug":"corte-suprema-el-fdt-buscara-ampliar-el-numero-con-mayor-federalismo-y-paridad-de-genero","status":"publish","type":"post","link":"https:\/\/www.actualidadadiario.com\/index.php\/2022\/05\/02\/corte-suprema-el-fdt-buscara-ampliar-el-numero-con-mayor-federalismo-y-paridad-de-genero\/","title":{"rendered":"Corte Suprema: el FdT buscar\u00e1 ampliar el n\u00famero, con mayor federalismo y paridad de g\u00e9nero"},"content":{"rendered":"<p style=\"text-align: center;\"><em><strong>Los senadores de las comisiones de Asuntos Constitucionales y de Justicia y Asuntos Penales debatir\u00e1n el pr\u00f3ximo mi\u00e9rcoles cuatro proyectos propuestos por el oficialismo. Desde el interbloque de JxC adelantaron que &#8220;no apoyar\u00e1n reformas en este momento&#8221;<\/strong><\/em><\/p>\n<p>&nbsp;<\/p>\n<p>&nbsp;<\/p>\n<p>El Senado reanudar\u00e1 el mi\u00e9rcoles pr\u00f3ximo el debate en comisi\u00f3n sobre la reforma en la composici\u00f3n de la Corte Suprema de Justicia, con la apertura de una ronda de expositores que incluir\u00e1 a constitucionalistas y a representantes del Poder Judicial.<\/p>\n<p>Los senadores de las comisiones de Asuntos Constitucionales y de Justicia y Asuntos Penales discutir\u00e1n ese d\u00eda desde las 12 sobre los alcances de cuatro proyectos de ley presentados desde el Frente de Todos (FdT) que proponen ampliar el n\u00famero de jueces, mayor federalismo y paridad de g\u00e9nero.<\/p>\n<p>Desde el interbloque de la oposici\u00f3n de Juntos por el Cambio (JxC) adelantaron que no apoyar\u00e1n una reforma en este momento por considerar que &#8220;es inoportuna&#8221; y que forma parte de la controversia entre el Poder Legislativo y el Poder Judicial iniciada en torno al Consejo de la Magistratura.<\/p>\n<p>Con la presentaci\u00f3n de un nuevo proyecto en el \u00faltimo plenario de comisiones de esta semana, suman cuatro las iniciativas para reformular al m\u00e1ximo tribunal: las del puntano Adolfo Rodr\u00edguez Sa\u00e1 y la neuquina Silvia Sapag, ambos del FdT, y las de dos aliados como el rionegrino Alberto Weretilneck y la riojana Clara Vega.<\/p>\n<p>En el inicio del debate, Sapag anunci\u00f3 la presentaci\u00f3n de un proyecto propio que eleva de cinco a 15 la cantidad de miembros del tribunal y que busca analizar la &#8220;calidad profesional&#8221; de los magistrados antes de que ocupen una vacante.<\/p>\n<p>La legisladora explic\u00f3 que en el articulado introdujo como requisito que los jueces certifiquen sus antecedentes laborales, las empresas que integraron y los clientes que tuvieron como abogados.<\/p>\n<p>&nbsp;<\/p>\n<p><strong>La iniciativa<\/strong><\/p>\n<p>El proyecto de Rodr\u00edguez Sa\u00e1 sugiere elevar el n\u00famero de jueces a nueve, mientras que el de Weretilneck establece que sean 16 los miembros y el de Vega no pone el foco en la cantidad de magistrados sino en que sea conformado por m\u00e1s mujeres.<\/p>\n<p>Todos los textos coinciden en la necesidad de lograr mayor federalismo con la designaci\u00f3n de magistrados con m\u00e1s representaci\u00f3n por regiones del interior del pa\u00eds, as\u00ed como de un mayor n\u00famero de mujeres.<\/p>\n<p>S\u00f3lo dos mujeres integraron la Corte Suprema de Justicia: la fallecida Carmen Argibay y Elena Highton de Nolasco, quien renunci\u00f3 al cuerpo en 2021 y su puesto a\u00fan se encuentra vacante, y ninguna de ellas ejerci\u00f3 la presidencia del tribunal.<\/p>\n<p>Otro de los ejes del debate tiene que ver con la posibilidad de que rija la especializaci\u00f3n de los jueces por temas, adem\u00e1s de la divisi\u00f3n por salas que incorporan los proyectos en danza, con la meta de agilizar las resoluciones ante las demoras de a\u00f1os en la emisi\u00f3n de sentencias.<\/p>\n<p>En di\u00e1logo con la prensa, el presidente de la comisi\u00f3n de Asuntos Constitucionales, Guillermo Snopek, respondi\u00f3 las cr\u00edticas de la oposici\u00f3n que calific\u00f3 de &#8220;inoportuno&#8221; el debate en este momento, y record\u00f3 que &#8220;no es un tema de ahora&#8221; sino que viene siendo planteado desde antes de 2016.<\/p>\n<p>Snopek enumer\u00f3 iniciativas presentadas en los \u00faltimos a\u00f1os por exsenadores como los peronistas Norma Durango, Juan Manuel Abal Medina, In\u00e9s Blas, Marcelo Fuentes o Liliana Negre de Alonso, que hac\u00edan hincapi\u00e9 en la falta de equidad de g\u00e9nero en la actual Corte.<\/p>\n<p>Tambi\u00e9n record\u00f3 que hubo proyectos presentados por senadores de la entonces oposici\u00f3n como el radical \u00c1ngel Rozas, aunque desde JxC no presentaron propuestas por el momento para este debate.<\/p>\n<p>En el plenario de comisiones del mi\u00e9rcoles pasado, la presencia de senadores de la oposici\u00f3n fue notoriamente reducida y s\u00f3lo se expresaron sobre las iniciativas el cordob\u00e9s Luis Juez y la tucumana Beatriz \u00c1vila.<\/p>\n<p>&#8220;La Justicia nos atraviesa transversalmente y nunca est\u00e1n dadas la oportunidad y la perfecci\u00f3n para el planteo de los temas. \u00bfQu\u00e9 le decimos a quien reclama alimentos despu\u00e9s de ocho a\u00f1os sin sentencia o a un jubilado que se muere esperando una sentencia?&#8221;, se pregunt\u00f3 Snopek.<\/p>\n<p>Encargado de moderar los debates junto al presidente de la comisi\u00f3n de Justicia, Oscar Parrilli, Snopek adelant\u00f3 que el pr\u00f3ximo mi\u00e9rcoles se abrir\u00e1 una lista de invitados a exponer que incluir\u00e1 a constitucionalistas y a integrantes del propio Poder Judicial.<\/p>\n<p>La n\u00f3mina terminar\u00e1 de pulirse este fin de semana y desde el oficialismo dijeron que esperan la participaci\u00f3n de los senadores de JxC para terminar de definir la lista de expositores.<\/p>\n<p>Snopek explic\u00f3 que la discusi\u00f3n est\u00e1 abierta pero que no hay plazos para la emisi\u00f3n del dictamen y la discusi\u00f3n del tema en el recinto.<\/p>\n","protected":false},"excerpt":{"rendered":"<p>Los senadores de las comisiones de Asuntos Constitucionales y de Justicia y Asuntos Penales debatir\u00e1n el pr\u00f3ximo mi\u00e9rcoles cuatro proyectos propuestos por el oficialismo. Desde el interbloque de JxC adelantaron que &#8220;no apoyar\u00e1n reformas en este momento&#8221; &nbsp; &nbsp; El Senado reanudar\u00e1 el mi\u00e9rcoles pr\u00f3ximo el debate en comisi\u00f3n sobre la reforma en la composici\u00f3n de la Corte Suprema de Justicia, con la apertura de una ronda de expositores que incluir\u00e1 a constitucionalistas y a representantes del Poder Judicial. Los senadores de las comisiones de Asuntos Constitucionales y de Justicia&#8230;<\/p>\n","protected":false},"author":3,"featured_media":85694,"comment_status":"closed","ping_status":"closed","sticky":false,"template":"","format":"standard","meta":[],"categories":[18],"tags":[],"_links":{"self":[{"href":"https:\/\/www.actualidadadiario.com\/index.php\/wp-json\/wp\/v2\/posts\/85693"}],"collection":[{"href":"https:\/\/www.actualidadadiario.com\/index.php\/wp-json\/wp\/v2\/posts"}],"about":[{"href":"https:\/\/www.actualidadadiario.com\/index.php\/wp-json\/wp\/v2\/types\/post"}],"author":[{"embeddable":true,"href":"https:\/\/www.actualidadadiario.com\/index.php\/wp-json\/wp\/v2\/users\/3"}],"replies":[{"embeddable":true,"href":"https:\/\/www.actualidadadiario.com\/index.php\/wp-json\/wp\/v2\/comments?post=85693"}],"version-history":[{"count":1,"href":"https:\/\/www.actualidadadiario.com\/index.php\/wp-json\/wp\/v2\/posts\/85693\/revisions"}],"predecessor-version":[{"id":85695,"href":"https:\/\/www.actualidadadiario.com\/index.php\/wp-json\/wp\/v2\/posts\/85693\/revisions\/85695"}],"wp:featuredmedia":[{"embeddable":true,"href":"https:\/\/www.actualidadadiario.com\/index.php\/wp-json\/wp\/v2\/media\/85694"}],"wp:attachment":[{"href":"https:\/\/www.actualidadadiario.com\/index.php\/wp-json\/wp\/v2\/media?parent=85693"}],"wp:term":[{"taxonomy":"category","embeddable":true,"href":"https:\/\/www.actualidadadiario.com\/index.php\/wp-json\/wp\/v2\/categories?post=85693"},{"taxonomy":"post_tag","embeddable":true,"href":"https:\/\/www.actualidadadiario.com\/index.php\/wp-json\/wp\/v2\/tags?post=85693"}],"curies":[{"name":"wp","href":"https:\/\/api.w.org\/{rel}","templated":true}]}}