{"id":85690,"date":"2022-05-02T13:03:39","date_gmt":"2022-05-02T16:03:39","guid":{"rendered":"https:\/\/www.actualidadadiario.com\/?p=85690"},"modified":"2022-05-02T13:03:39","modified_gmt":"2022-05-02T16:03:39","slug":"la-comision-bicameral-cito-a-gustavo-arribas-exdirector-de-la-afi-en-el-gobierno-de-macri","status":"publish","type":"post","link":"https:\/\/www.actualidadadiario.com\/index.php\/2022\/05\/02\/la-comision-bicameral-cito-a-gustavo-arribas-exdirector-de-la-afi-en-el-gobierno-de-macri\/","title":{"rendered":"La Comisi\u00f3n Bicameral cit\u00f3 a Gustavo Arribas, exdirector de la AFI en el gobierno de Macri"},"content":{"rendered":"<p style=\"text-align: center;\"><em><strong>El exfuncionario fue mencionado ante la comisi\u00f3n parlamentaria por algunos de los participantes y deber\u00e1 exponer sobre la denuncia del armado de causas en la sede del Banco Provincia, que investiga Cristina Caama\u00f1o<\/strong><\/em><\/p>\n<p>&nbsp;<\/p>\n<p>&nbsp;<\/p>\n<p>La Comisi\u00f3n Bicameral de Inteligencia del Congreso cit\u00f3 para este mediod\u00eda al exdirector general de la Agencia Federal de Inteligencia (AFI) Gustavo Arribas para que exponga sobre la denuncia de espionaje ilegal durante el Gobierno de Juntos por el Cambio (JxC), entre 2015 y 2019.<\/p>\n<p>El exfuncionario -convocado para las 12:30 de este lunes- fue mencionado ante la comisi\u00f3n parlamentaria por algunos de los participantes de la reuni\u00f3n que se desarroll\u00f3 en 2017 en la sede porte\u00f1a del Banco Provincia, donde funcionarios de la administraci\u00f3n de la exgobernadora Mar\u00eda Eugenia Vidal y empresarios hablaban sobre c\u00f3mo impulsar causas contra sindicalistas.<\/p>\n<p>La comisi\u00f3n bicameral, que preside el diputado Leopoldo Moreau (FdT), inici\u00f3 esa investigaci\u00f3n luego de que la interventora de la AFI, Cristina Caama\u00f1o, denunciara ante los tribunales federales que hab\u00eda hallado un video de esa reuni\u00f3n de 2017 en el Banco Provincia, en la que, luego se supo, participaban esp\u00edas.<\/p>\n<p>La comisi\u00f3n ya convoc\u00f3 a los tres jefes de la AFI de aquella gesti\u00f3n que participaron de la reuni\u00f3n: Sebasti\u00e1n De St\u00e9fano, exdirector administrativo de Asuntos Jur\u00eddicos de la AFI; Diego Dalmau Pereyra, exdirector de operacional de Contrainteligencia, y Diego Biorci, exjefe de Gabinete de ese organismo.<\/p>\n<p>Dalmau Pereyra present\u00f3 un escrito en su indagatoria judicial y luego ratific\u00f3 sus dichos ante la bicameral: &#8220;En junio de 2017 me es retransmitida por parte de la Subdirectora General de la AFI, Silvia Majdalani, la orden del Director General de la agencia, Gustavo Arribas, de concurrir y supervisar la filmaci\u00f3n de una reuni\u00f3n a llevarse a cabo en la sede principal del Banco Provincia de Buenos Aires, en la Ciudad de Buenos Aires&#8221;, se\u00f1al\u00f3.<\/p>\n<p>En esa reuni\u00f3n se habr\u00edan analizado estrategias para avanzar en el armado de causas judiciales contra gremialistas, y el exministro de Trabajo provincial Marcelo Villegas dijo que le hubiera gustado tener una &#8220;Gestapo&#8221; para accionar contra los sindicalistas.<\/p>\n","protected":false},"excerpt":{"rendered":"<p>El exfuncionario fue mencionado ante la comisi\u00f3n parlamentaria por algunos de los participantes y deber\u00e1 exponer sobre la denuncia del armado de causas en la sede del Banco Provincia, que investiga Cristina Caama\u00f1o &nbsp; &nbsp; La Comisi\u00f3n Bicameral de Inteligencia del Congreso cit\u00f3 para este mediod\u00eda al exdirector general de la Agencia Federal de Inteligencia (AFI) Gustavo Arribas para que exponga sobre la denuncia de espionaje ilegal durante el Gobierno de Juntos por el Cambio (JxC), entre 2015 y 2019. El exfuncionario -convocado para las 12:30 de este lunes- fue&#8230;<\/p>\n","protected":false},"author":3,"featured_media":85691,"comment_status":"closed","ping_status":"closed","sticky":false,"template":"","format":"standard","meta":[],"categories":[18],"tags":[],"_links":{"self":[{"href":"https:\/\/www.actualidadadiario.com\/index.php\/wp-json\/wp\/v2\/posts\/85690"}],"collection":[{"href":"https:\/\/www.actualidadadiario.com\/index.php\/wp-json\/wp\/v2\/posts"}],"about":[{"href":"https:\/\/www.actualidadadiario.com\/index.php\/wp-json\/wp\/v2\/types\/post"}],"author":[{"embeddable":true,"href":"https:\/\/www.actualidadadiario.com\/index.php\/wp-json\/wp\/v2\/users\/3"}],"replies":[{"embeddable":true,"href":"https:\/\/www.actualidadadiario.com\/index.php\/wp-json\/wp\/v2\/comments?post=85690"}],"version-history":[{"count":1,"href":"https:\/\/www.actualidadadiario.com\/index.php\/wp-json\/wp\/v2\/posts\/85690\/revisions"}],"predecessor-version":[{"id":85692,"href":"https:\/\/www.actualidadadiario.com\/index.php\/wp-json\/wp\/v2\/posts\/85690\/revisions\/85692"}],"wp:featuredmedia":[{"embeddable":true,"href":"https:\/\/www.actualidadadiario.com\/index.php\/wp-json\/wp\/v2\/media\/85691"}],"wp:attachment":[{"href":"https:\/\/www.actualidadadiario.com\/index.php\/wp-json\/wp\/v2\/media?parent=85690"}],"wp:term":[{"taxonomy":"category","embeddable":true,"href":"https:\/\/www.actualidadadiario.com\/index.php\/wp-json\/wp\/v2\/categories?post=85690"},{"taxonomy":"post_tag","embeddable":true,"href":"https:\/\/www.actualidadadiario.com\/index.php\/wp-json\/wp\/v2\/tags?post=85690"}],"curies":[{"name":"wp","href":"https:\/\/api.w.org\/{rel}","templated":true}]}}