{"id":85687,"date":"2022-05-02T13:02:51","date_gmt":"2022-05-02T16:02:51","guid":{"rendered":"https:\/\/www.actualidadadiario.com\/?p=85687"},"modified":"2022-05-02T13:02:51","modified_gmt":"2022-05-02T16:02:51","slug":"alberto-fernandez-participa-de-un-encuentro-internacional-sobre-vivienda","status":"publish","type":"post","link":"https:\/\/www.actualidadadiario.com\/index.php\/2022\/05\/02\/alberto-fernandez-participa-de-un-encuentro-internacional-sobre-vivienda\/","title":{"rendered":"Alberto Fern\u00e1ndez participa de un encuentro internacional sobre vivienda"},"content":{"rendered":"<p style=\"text-align: center;\"><em><strong>El Presidente encabeza en el Centro Cultural Kirchner (CCK) de la capital, la apertura del Encuentro Internacional por la Vivienda, el Ambiente y el H\u00e1bitat Popular<\/strong><\/em><\/p>\n<p>&nbsp;<\/p>\n<p>&nbsp;<\/p>\n<p>Lo hace junto a los ministros Trist\u00e1n Bauer (Cultura), Juan Zabaleta (Desarrollo Social) y Gabriel Katopodis (Obras P\u00fablicas), inform\u00f3 la Casa Rosada.<\/p>\n<p>A las 15, Fern\u00e1ndez presentar\u00e1 en el Parque Col\u00f3n de Casa Rosada el proyecto de ley &#8220;Cuidar en Igualdad&#8221; para la creaci\u00f3n del Sistema Integral de Pol\u00edticas de Cuidados de Argentina. La iniciativa &#8220;surge para reconocer esta tarea como una necesidad, un trabajo y un derecho&#8221;, dijo la informaci\u00f3n oficial, que agreg\u00f3 que &#8220;participar\u00e1n del acto colectivos de mujeres y de la diversidad, sindicatos y organizaciones de la sociedad civil&#8221;.<\/p>\n<p>El presidente Alberto Fern\u00e1ndez llam\u00f3 el domingo a &#8220;institucionalizar a quienes trabajan en la econom\u00eda popular&#8221; y agradeci\u00f3 a quienes forman parte del proyecto pol\u00edtico &#8220;que busca que nuestra econom\u00eda crezca&#8221;, mientras hoy la UTEP se moviliz\u00f3 por el D\u00eda Internacional del Trabajador en el centro porte\u00f1o para pedir reconocimiento y respaldar las pol\u00edticas impulsadas desde la Casa Rosada.<\/p>\n<p><em>&#8220;Hoy, con motivo del D\u00eda Del Trabajador, cientos de miles de trabajadoras y trabajadores de la econom\u00eda popular, nucleados en la UTEP (Uni\u00f3n de Trabajadores y Trabajadoras de la Econom\u00eda Popular), marcharon por las calles pac\u00edficamente reivindicando sus derechos y reclamando una econom\u00eda m\u00e1s din\u00e1mica que los contenga&#8221;,<\/em> escribi\u00f3 el Presidente en su cuenta personal de Twitter.<\/p>\n<p>Asimismo, Alberto Fern\u00e1ndez remarc\u00f3 que &#8220;la econom\u00eda argentina se recupera, la producci\u00f3n crece y el trabajo formal aumenta&#8221; y se\u00f1al\u00f3 que &#8220;hay que hacer frente a nuestra deuda interna&#8221;.<\/p>\n<p>&#8220;Debemos institucionalizar a quienes trabajan en la econom\u00eda popular y regular su funcionamiento para que nadie quede en los m\u00e1rgenes de este proceso&#8221;, asegur\u00f3.<\/p>\n<p>Adem\u00e1s, expres\u00f3 su &#8220;sincera gratitud a todos ellos por ser parte, a\u00fan con diferencias, de este proyecto pol\u00edtico que busca que nuestra econom\u00eda crezca y que ese crecimiento se distribuya sin postergar las leg\u00edtimas aspiraciones de millones de argentinas y argentinos&#8221;.<\/p>\n<p>La UTEP -integrada por el Movimiento Evita, la Corriente Clasista y Combativa (CCC) y el Movimiento Somos Barrios de Pie- realiz\u00f3 su propio acto en conmemoraci\u00f3n del D\u00eda Internacional de los Trabajadores, colmando la avenida 9 de Julio entre las avenidas De Mayo y San Juan, en el barrio de Constituci\u00f3n, donde pidi\u00f3 por la ley &#8220;Tierra, Techo y Trabajo&#8221; y manifest\u00f3: &#8220;Vamos a estar en la calle para apoyar y acompa\u00f1ar las medidas a favor del pueblo que tome el Presidente&#8221;.<\/p>\n","protected":false},"excerpt":{"rendered":"<p>El Presidente encabeza en el Centro Cultural Kirchner (CCK) de la capital, la apertura del Encuentro Internacional por la Vivienda, el Ambiente y el H\u00e1bitat Popular &nbsp; &nbsp; Lo hace junto a los ministros Trist\u00e1n Bauer (Cultura), Juan Zabaleta (Desarrollo Social) y Gabriel Katopodis (Obras P\u00fablicas), inform\u00f3 la Casa Rosada. A las 15, Fern\u00e1ndez presentar\u00e1 en el Parque Col\u00f3n de Casa Rosada el proyecto de ley &#8220;Cuidar en Igualdad&#8221; para la creaci\u00f3n del Sistema Integral de Pol\u00edticas de Cuidados de Argentina. La iniciativa &#8220;surge para reconocer esta tarea como una&#8230;<\/p>\n","protected":false},"author":3,"featured_media":85688,"comment_status":"closed","ping_status":"closed","sticky":false,"template":"","format":"standard","meta":[],"categories":[18],"tags":[],"_links":{"self":[{"href":"https:\/\/www.actualidadadiario.com\/index.php\/wp-json\/wp\/v2\/posts\/85687"}],"collection":[{"href":"https:\/\/www.actualidadadiario.com\/index.php\/wp-json\/wp\/v2\/posts"}],"about":[{"href":"https:\/\/www.actualidadadiario.com\/index.php\/wp-json\/wp\/v2\/types\/post"}],"author":[{"embeddable":true,"href":"https:\/\/www.actualidadadiario.com\/index.php\/wp-json\/wp\/v2\/users\/3"}],"replies":[{"embeddable":true,"href":"https:\/\/www.actualidadadiario.com\/index.php\/wp-json\/wp\/v2\/comments?post=85687"}],"version-history":[{"count":1,"href":"https:\/\/www.actualidadadiario.com\/index.php\/wp-json\/wp\/v2\/posts\/85687\/revisions"}],"predecessor-version":[{"id":85689,"href":"https:\/\/www.actualidadadiario.com\/index.php\/wp-json\/wp\/v2\/posts\/85687\/revisions\/85689"}],"wp:featuredmedia":[{"embeddable":true,"href":"https:\/\/www.actualidadadiario.com\/index.php\/wp-json\/wp\/v2\/media\/85688"}],"wp:attachment":[{"href":"https:\/\/www.actualidadadiario.com\/index.php\/wp-json\/wp\/v2\/media?parent=85687"}],"wp:term":[{"taxonomy":"category","embeddable":true,"href":"https:\/\/www.actualidadadiario.com\/index.php\/wp-json\/wp\/v2\/categories?post=85687"},{"taxonomy":"post_tag","embeddable":true,"href":"https:\/\/www.actualidadadiario.com\/index.php\/wp-json\/wp\/v2\/tags?post=85687"}],"curies":[{"name":"wp","href":"https:\/\/api.w.org\/{rel}","templated":true}]}}