{"id":85681,"date":"2022-05-02T13:01:28","date_gmt":"2022-05-02T16:01:28","guid":{"rendered":"https:\/\/www.actualidadadiario.com\/?p=85681"},"modified":"2022-05-02T13:01:28","modified_gmt":"2022-05-02T16:01:28","slug":"con-balances-y-planteos-a-nacion-cuatro-gobernadores-abrieron-sesiones","status":"publish","type":"post","link":"https:\/\/www.actualidadadiario.com\/index.php\/2022\/05\/02\/con-balances-y-planteos-a-nacion-cuatro-gobernadores-abrieron-sesiones\/","title":{"rendered":"Con balances y planteos a Naci\u00f3n, cuatro gobernadores abrieron sesiones"},"content":{"rendered":"<p style=\"text-align: center;\"><em><strong>Santa Fe, Mendoza, Misiones y Catamarca completaron grilla de aperturas. Rodolfo Suarez habl\u00f3 de &#8220;poder de brazos ca\u00eddos para conducir la econom\u00eda&#8221;. Omar Perotti apunt\u00f3 a subsidios y Seguridad, y Oscar Herrera Ahuad a asimetr\u00edas. Gui\u00f1o de Ra\u00fal Jalil<\/strong><\/em><\/p>\n<p>&nbsp;<\/p>\n<p>&nbsp;<\/p>\n<p>Con el emblem\u00e1tico D\u00eda del Trabajador como tel\u00f3n de fondo, cuatro gobernadores dieron este domingo el puntapi\u00e9 inicial a las sesiones ordinarias en sus provincias y completaron as\u00ed la grilla de aperturas parlamentarias 2022. Fue con un mix de discursos que incluy\u00f3 planteos a la administraci\u00f3n de Alberto Fern\u00e1ndez -algunos, m\u00e1s ruidosos- en torno a la marcha de la econom\u00eda, la pol\u00edtica de manejo de recursos nacionales y la seguridad, y s\u00f3lo un gui\u00f1o expl\u00edcito de agradecimiento al Presidente.<\/p>\n<p>Esa fue la agenda que transitaron, con matices, los peronistas Omar Perotti (Santa Fe) y Ra\u00fal Jalil (Catamarca), el radical Rodolfo Suarez (Mendoza) y el misionero Oscar Herrera Ahuad (Frente Renovador de la Concordia).<\/p>\n<p>Sin ya restricciones pand\u00e9micas, las jornadas sumaron en las afueras de la Asamblea Legislativa concentraciones de respaldo de militantes (Santa Fe), un encuentro en homenaje a los trabajadores en su d\u00eda (Catamarca) y una movilizaci\u00f3n gremial en reclamo de reapertura de paritarias por la escalada de la inflaci\u00f3n (Mendoza).<\/p>\n<p>&nbsp;<\/p>\n<p><strong>Santa Fe<\/strong><\/p>\n<p>En su discurso, Perotti retom\u00f3 una arenga que d\u00edas atr\u00e1s ya hab\u00eda desplegado desde la poderosa Regi\u00f3n Centro: el cuestionamiento a un reparto de subsidios nacionales que hoy favorece al AMBA.<\/p>\n<p>\u201cEl federalismo que construimos hacia dentro de nuestra provincia tambi\u00e9n lo reclamamos a nivel nacional\u201d, dijo, y recalc\u00f3 que hay \u201cuna distorsi\u00f3n inmensa en energ\u00eda el\u00e9ctrica, de gas, de agua, combustibles y transporte\u201d.<\/p>\n<p>\u201cLas familias santafesinas no merecen pagar m\u00e1s por estas distorsiones, y es una discusi\u00f3n que debemos dar en conjunto con los legisladores nacionales para que se acaben los privilegios del AMBA en relaci\u00f3n al interior\u201d, afirm\u00f3.<\/p>\n<p>Si bien ponder\u00f3 \u201cel acompa\u00f1amiento de Naci\u00f3n en numerosos proyectos y obras\u201d, recalc\u00f3 que va a \u201cmarcar las diferencias cuando los intereses de los santafesinos se vean afectados\u201d.<\/p>\n<p>En paralelo, y en medio de la escalada de cr\u00edmenes narco, sostuvo que \u201cla inseguridad es un flagelo que la provincia arrastra desde hace a\u00f1os y que sobrepasa la instancia provincial y local\u201d y remarc\u00f3 que el Gobierno nacional \u201cno puede y no debe permitir que esto ocurra en su territorio y se expanda a otras provincias\u201d .<\/p>\n<p>En esa l\u00ednea, convoc\u00f3 \u201cal Gobierno federal, al Congreso, a que en el cumplimiento de la Constituci\u00f3n nacional provean a Santa Fe de efectivos federales y de una estructura federal de justicia m\u00e1s s\u00f3lida y acorde a la crisis que enfrentamos en nuestro territorio\u201d.<\/p>\n<p>Tambi\u00e9n destac\u00f3 que \u201cSanta Fe es pionera en la recuperaci\u00f3n econ\u00f3mica, encabezando los indicadores de producci\u00f3n, inversi\u00f3n y crecimiento del trabajo registrado en todo el pa\u00eds\u201d. \u201cNecesitamos que estos buenos n\u00fameros le lleguen a m\u00e1s gente, acuerdos que nos permitan sostener el poder adquisitivo y un fuerte acompa\u00f1amiento alimentario a los sectores m\u00e1s desprotegidos\u201d, agreg\u00f3.<\/p>\n<p>&nbsp;<\/p>\n<p><strong>Mendoza<\/strong><\/p>\n<p>El radical Suarez, por su parte, incluy\u00f3 en su discurso de apertura del 182\u00ba per\u00edodo legislativo anual un fuerte pedido a la oposici\u00f3n provincial -bajo la consigna de que \u201csalgan de la burbuja dogm\u00e1tica\u201d- en pos de avanzar en una reforma del Estado para achicar gastos.<\/p>\n<p>En esa l\u00ednea, los inst\u00f3 a debatir \u201cla reforma institucional ya presentada hace casi dos a\u00f1os\u201d, para \u201cbajar el costo de la pol\u00edtica terminando con la elecci\u00f3n de medio t\u00e9rmino, o reduciendo la cantidad de legisladores y mejorando la representaci\u00f3n en una sola c\u00e1mara, donde todos los departamentos tendr\u00e1n su voz\u201d.<\/p>\n<p>Se trata de una iniciativa que incluye, \u201cadem\u00e1s de una actualizaci\u00f3n y ampliaci\u00f3n en materia de derechos jur\u00eddicos ya obsoletos en el texto constitucional de 1916\u201d, el impulso \u201cal equilibrio fiscal, para administrar los recursos con responsabilidad y cuidar el gasto p\u00fablico\u201d.<\/p>\n<p>El gobernador adem\u00e1s apunt\u00f3 a la Casa Rosada por el manejo de la pandemia y por la \u201cdiscriminaci\u00f3n\u201d que aplica sobre la provincia. Y critic\u00f3 \u201cla falta de un programa consistente y de una vocaci\u00f3n para la construcci\u00f3n de consensos que permitan crear mayor\u00edas en torno a las reformas claves que se necesitan y, m\u00e1s delicado a\u00fan, las tensiones imprudentes generadas dentro del nivel m\u00e1s alto del Gobierno nacional, que como resultado final nos entregan la imagen perpleja de un poder de brazos ca\u00eddos para conducir la econom\u00eda pero no para intentar torcer a antojo las instituciones\u201d.<\/p>\n<p>El mandatario tambi\u00e9n resalt\u00f3 que la prioridad de su Gobierno \u201ces trabajar sin descanso para estimular la creaci\u00f3n de empleo de calidad\u201d y que se decidi\u00f3 \u201cavanzar hacia programas que ayuden a disipar incertidumbre -que sin ninguna duda es la peor enfermedad frente al estancamiento econ\u00f3mico, la inflaci\u00f3n galopante y las tasas de inter\u00e9s exorbitantes- con los programas Mendoza Activa, Enlace y Enlazados\u201d.<\/p>\n<p>&nbsp;<\/p>\n<p><strong>Misiones<\/strong><\/p>\n<p>\u201cInclusi\u00f3n energ\u00e9tica, gas\u00edfera y la urgente soluci\u00f3n a las asimetr\u00edas con nuestra provincia; Zona Aduanera Comercial Especial, compensaci\u00f3n energ\u00e9tica y actualizaci\u00f3n de la coparticipaci\u00f3n, que devuelva el esfuerzo econ\u00f3mico y ambiental a los misioneros\u201d. Esos fueron los principales puntos que se\u00f1al\u00f3 Herrera Ahuad en el reclamo a Naci\u00f3n en su discurso.<\/p>\n<p>\u201cVamos a seguir exigiendo el justo reconocimiento de nuestros derechos porque nunca negociaremos los intereses de nuestra gente\u201d, dijo.<\/p>\n<p>En el marco de un balance de gesti\u00f3n, tambi\u00e9n destac\u00f3 que un \u201cEstado eficiente; un proyecto de crecimiento econ\u00f3mico p\u00fablico &#8211; privado innovador y creativo; una estrategia de sustentabilidad ambiental; un sistema de desarrollo social, educaci\u00f3n y salud humanista y solidario; y un marco pol\u00edtico institucional de avanzada, convergen en respuestas reales a la gente\u201d.<\/p>\n<p>Adem\u00e1s se\u00f1al\u00f3, entre otros ejes, que con los programas \u201cAhora\u201d, en sinergia p\u00fablico-privada, se efectuaron ventas por m\u00e1s de $7.000 millones en el \u00faltimo a\u00f1o. Y que \u201cse pondr\u00e1n en marcha el Programa de Microcr\u00e9dito Solidario y el programa de Fomento de la Producci\u00f3n y el Empleo Joven Misionero\u201d.<\/p>\n<p>&nbsp;<\/p>\n<p><strong>Catamarca<\/strong><\/p>\n<p>En su discurso, Jalil destac\u00f3 el crecimiento del empleo privado en la provincia y sostuvo la importancia de la pol\u00edtica minera.<\/p>\n<p>Adem\u00e1s envi\u00f3 un gui\u00f1o a Alberto Fern\u00e1ndez, al agradecer \u201cal Gobierno nacional el mayor plan de obra p\u00fablica de la historia de Catamarca, con m\u00e1s 75 mil millones de pesos en obras\u201d.<\/p>\n<p>\u201cQuiero ratificar que estamos incorporando 500 nuevos empleados de la salud en los distintos hospitales y que ning\u00fan empleado de la administraci\u00f3n p\u00fablica percibir\u00e1 un salario neto de descuento de ley de menos de 65 mil pesos, y para eso vamos a realizar un aporte no remunerativo y no bonificable para quienes no lleguen a esa cifra\u201d, sostuvo tambi\u00e9n. Y, entre otros lineamientos, dijo que se acord\u00f3 \u201cel pase a planta permanente del personal de la administraci\u00f3n p\u00fablica que tenga como m\u00ednimo 6 meses de antig\u00fcedad\u201d.<\/p>\n","protected":false},"excerpt":{"rendered":"<p>Santa Fe, Mendoza, Misiones y Catamarca completaron grilla de aperturas. Rodolfo Suarez habl\u00f3 de &#8220;poder de brazos ca\u00eddos para conducir la econom\u00eda&#8221;. Omar Perotti apunt\u00f3 a subsidios y Seguridad, y Oscar Herrera Ahuad a asimetr\u00edas. Gui\u00f1o de Ra\u00fal Jalil &nbsp; &nbsp; Con el emblem\u00e1tico D\u00eda del Trabajador como tel\u00f3n de fondo, cuatro gobernadores dieron este domingo el puntapi\u00e9 inicial a las sesiones ordinarias en sus provincias y completaron as\u00ed la grilla de aperturas parlamentarias 2022. Fue con un mix de discursos que incluy\u00f3 planteos a la administraci\u00f3n de Alberto Fern\u00e1ndez&#8230;<\/p>\n","protected":false},"author":3,"featured_media":85682,"comment_status":"closed","ping_status":"closed","sticky":false,"template":"","format":"standard","meta":[],"categories":[18],"tags":[],"_links":{"self":[{"href":"https:\/\/www.actualidadadiario.com\/index.php\/wp-json\/wp\/v2\/posts\/85681"}],"collection":[{"href":"https:\/\/www.actualidadadiario.com\/index.php\/wp-json\/wp\/v2\/posts"}],"about":[{"href":"https:\/\/www.actualidadadiario.com\/index.php\/wp-json\/wp\/v2\/types\/post"}],"author":[{"embeddable":true,"href":"https:\/\/www.actualidadadiario.com\/index.php\/wp-json\/wp\/v2\/users\/3"}],"replies":[{"embeddable":true,"href":"https:\/\/www.actualidadadiario.com\/index.php\/wp-json\/wp\/v2\/comments?post=85681"}],"version-history":[{"count":1,"href":"https:\/\/www.actualidadadiario.com\/index.php\/wp-json\/wp\/v2\/posts\/85681\/revisions"}],"predecessor-version":[{"id":85683,"href":"https:\/\/www.actualidadadiario.com\/index.php\/wp-json\/wp\/v2\/posts\/85681\/revisions\/85683"}],"wp:featuredmedia":[{"embeddable":true,"href":"https:\/\/www.actualidadadiario.com\/index.php\/wp-json\/wp\/v2\/media\/85682"}],"wp:attachment":[{"href":"https:\/\/www.actualidadadiario.com\/index.php\/wp-json\/wp\/v2\/media?parent=85681"}],"wp:term":[{"taxonomy":"category","embeddable":true,"href":"https:\/\/www.actualidadadiario.com\/index.php\/wp-json\/wp\/v2\/categories?post=85681"},{"taxonomy":"post_tag","embeddable":true,"href":"https:\/\/www.actualidadadiario.com\/index.php\/wp-json\/wp\/v2\/tags?post=85681"}],"curies":[{"name":"wp","href":"https:\/\/api.w.org\/{rel}","templated":true}]}}