{"id":85679,"date":"2022-05-02T13:00:36","date_gmt":"2022-05-02T16:00:36","guid":{"rendered":"https:\/\/www.actualidadadiario.com\/?p=85679"},"modified":"2022-05-02T13:00:36","modified_gmt":"2022-05-02T16:00:36","slug":"morales-profundiza-la-interna-de-juntos-por-el-cambio-y-cruza-a-macri","status":"publish","type":"post","link":"https:\/\/www.actualidadadiario.com\/index.php\/2022\/05\/02\/morales-profundiza-la-interna-de-juntos-por-el-cambio-y-cruza-a-macri\/","title":{"rendered":"Morales profundiza la interna de Juntos por el Cambio y cruza a Macri"},"content":{"rendered":"<p style=\"text-align: center;\"><em><strong>El juje\u00f1o dijo que Macri no es el l\u00edder de Juntos por el Cambio y que si se presenta como Presidente no lo votar\u00e1 porque quiere que ese lugar lo ocupe un radical<\/strong><\/em><\/p>\n<p>&nbsp;<\/p>\n<p>&nbsp;<\/p>\n<p>El titular de la Uni\u00f3n C\u00edvica Radical (UCR), Gerardo Morales, reaviv\u00f3 la interna de Juntos por el Cambio al decir que Mauricio Macri no es su jefe. Al mismo tiempo, el juje\u00f1o afirm\u00f3 una vez m\u00e1s que pelear\u00e1 por la Presidencia en 2023. Esto significar\u00eda que si el exmandatario nacional decide presentarse deber\u00e1 enfrentarlo en una interna.<\/p>\n<p>El Frente de Todos no es el \u00fanico que experimenta diferencias de cara a las elecciones 2023, desde hace ya un tiempo en Juntos por el Cambio tambi\u00e9n est\u00e1 atravesando algunas fricciones. Esto se nota, sobre todo, por parte del PRO y de los radicales, los cuales son dos grandes fuerzas que componen el principal frente opositor.<\/p>\n<p>El radical Gerardo Morales insisti\u00f3 en diferenciarse del partido que lidera Patricia Bullrich. Es que expres\u00f3 \u00abMauricio Macri no es el l\u00edder de Juntos por el Cambio\u00ab. Al mismo tiempo, agreg\u00f3 que va a procurar que un dirigente de la UCR llegue a Casa Rosada en 2023. El juje\u00f1o ya hab\u00eda dicho en una cumbre con los de su espacio que \u00abel pr\u00f3ximo Presidente tiene que ser radical\u00ab.<\/p>\n<p>El l\u00edder de la UCR manifest\u00f3 \u00abA Mauricio le reconozco una voz importante dentro de Juntos por el Cambio, pero no es mi jefe\u00ab. Es que seg\u00fan \u00e9l, el exmandatario nacional \u00abes el jefe del PRO y una figura de peso, pero si es candidato, no lo voy a votar porque quiero un presidente radical\u00ab. En ese sentido, agreg\u00f3 \u00abDesde el radicalismo estamos trabajando para el 2023, pero antes de eso, estamos activando una agenda con v\u00ednculos con todos los sectores\u00ab.<\/p>\n<p>De cara a las elecciones pr\u00f3ximas, desde el radicalismo ya hay varios nombres sonando para la carrera presidencial. Aparte del de Morales, aparecen Facundo Manes y Alfredo Cornejo. Por su parte, desde el sector del PRO suenan como posibles candidatos, adem\u00e1s de Macri, Horacio Rodr\u00edguez Larreta, Patricia Bullrich y Mar\u00eda Eugenia Vidal.<\/p>\n","protected":false},"excerpt":{"rendered":"<p>El juje\u00f1o dijo que Macri no es el l\u00edder de Juntos por el Cambio y que si se presenta como Presidente no lo votar\u00e1 porque quiere que ese lugar lo ocupe un radical &nbsp; &nbsp; El titular de la Uni\u00f3n C\u00edvica Radical (UCR), Gerardo Morales, reaviv\u00f3 la interna de Juntos por el Cambio al decir que Mauricio Macri no es su jefe. Al mismo tiempo, el juje\u00f1o afirm\u00f3 una vez m\u00e1s que pelear\u00e1 por la Presidencia en 2023. Esto significar\u00eda que si el exmandatario nacional decide presentarse deber\u00e1 enfrentarlo en&#8230;<\/p>\n","protected":false},"author":3,"featured_media":84657,"comment_status":"closed","ping_status":"closed","sticky":false,"template":"","format":"standard","meta":[],"categories":[9],"tags":[],"_links":{"self":[{"href":"https:\/\/www.actualidadadiario.com\/index.php\/wp-json\/wp\/v2\/posts\/85679"}],"collection":[{"href":"https:\/\/www.actualidadadiario.com\/index.php\/wp-json\/wp\/v2\/posts"}],"about":[{"href":"https:\/\/www.actualidadadiario.com\/index.php\/wp-json\/wp\/v2\/types\/post"}],"author":[{"embeddable":true,"href":"https:\/\/www.actualidadadiario.com\/index.php\/wp-json\/wp\/v2\/users\/3"}],"replies":[{"embeddable":true,"href":"https:\/\/www.actualidadadiario.com\/index.php\/wp-json\/wp\/v2\/comments?post=85679"}],"version-history":[{"count":1,"href":"https:\/\/www.actualidadadiario.com\/index.php\/wp-json\/wp\/v2\/posts\/85679\/revisions"}],"predecessor-version":[{"id":85680,"href":"https:\/\/www.actualidadadiario.com\/index.php\/wp-json\/wp\/v2\/posts\/85679\/revisions\/85680"}],"wp:featuredmedia":[{"embeddable":true,"href":"https:\/\/www.actualidadadiario.com\/index.php\/wp-json\/wp\/v2\/media\/84657"}],"wp:attachment":[{"href":"https:\/\/www.actualidadadiario.com\/index.php\/wp-json\/wp\/v2\/media?parent=85679"}],"wp:term":[{"taxonomy":"category","embeddable":true,"href":"https:\/\/www.actualidadadiario.com\/index.php\/wp-json\/wp\/v2\/categories?post=85679"},{"taxonomy":"post_tag","embeddable":true,"href":"https:\/\/www.actualidadadiario.com\/index.php\/wp-json\/wp\/v2\/tags?post=85679"}],"curies":[{"name":"wp","href":"https:\/\/api.w.org\/{rel}","templated":true}]}}