{"id":85658,"date":"2022-04-29T13:12:15","date_gmt":"2022-04-29T16:12:15","guid":{"rendered":"https:\/\/www.actualidadadiario.com\/?p=85658"},"modified":"2022-04-29T13:12:15","modified_gmt":"2022-04-29T16:12:15","slug":"biden-y-lopez-obrador-mantendran-una-cumbre-virtual-sobre-migracion","status":"publish","type":"post","link":"https:\/\/www.actualidadadiario.com\/index.php\/2022\/04\/29\/biden-y-lopez-obrador-mantendran-una-cumbre-virtual-sobre-migracion\/","title":{"rendered":"Biden y L\u00f3pez Obrador mantendr\u00e1n una cumbre virtual sobre migraci\u00f3n"},"content":{"rendered":"<p style=\"text-align: center;\"><em><strong>Los presidentes de Estados Unidos y de M\u00e9xico discutir\u00e1n ese espinoso tema en medio de la mayor oleada de migrantes en la frontera en dos d\u00e9cadas<\/strong><\/em><\/p>\n<p>&nbsp;<\/p>\n<p>&nbsp;<\/p>\n<p>&nbsp;<\/p>\n<p>Los presidentes de Estados Unidos y M\u00e9xico, Joe Biden y Andr\u00e9s Manuel L\u00f3pez Obrador, respectivamente, se reunir\u00e1n este viernes de forma virtual para abordar una serie de temas de inter\u00e9s com\u00fan, como la cooperaci\u00f3n en materia de migraci\u00f3n.<\/p>\n<p>El encuentro se producir\u00e1 en un momento de fuerte oleada migratoria. En marzo las autoridades estadounidenses interceptaron a m\u00e1s de 221.000 personas en la frontera con M\u00e9xico, la cifra m\u00e1s alta para un mes en m\u00e1s de dos d\u00e9cadas, indic\u00f3 la agencia AFP.<\/p>\n<p>Los dos mandatarios hablar\u00e1n de este problema, as\u00ed como de &#8220;los esfuerzos conjuntos de desarrollo en Centroam\u00e9rica&#8221;, la regi\u00f3n de donde procede la mayor parte de los migrantes, inform\u00f3 en un comunicado la jefa de prensa de la Casa Blanca, Jen Psaki.<\/p>\n<p>Tratar\u00e1n asimismo &#8220;la competitividad y el crecimiento econ\u00f3mico, la seguridad, la energ\u00eda y la cooperaci\u00f3n econ\u00f3mica&#8221;, a\u00f1adi\u00f3.<\/p>\n<p>La Cumbre de las Am\u00e9ricas, que se celebrar\u00e1 del 6 al 10 de junio en Los \u00c1ngeles, ser\u00e1 otro de los asuntos que ser\u00e1 abordado entre ambos presidentes, quienes conversaron en persona en noviembre pasado con motivo de la llamada Cumbre de los L\u00edderes de Am\u00e9rica del Norte (Estados Unidos, M\u00e9xico y Canad\u00e1).<\/p>\n<p>Estados Unidos es el principal socio comercial de M\u00e9xico pero, aunque la relaci\u00f3n bilateral es estrecha, existen discrepancias.<\/p>\n<p>El gobierno mexicano de L\u00f3pez Obrador no ha secundado los llamados de Washington a un frente fuerte y com\u00fan contra Rusia por haber invadido Ucrania y defiende una posici\u00f3n m\u00e1s neutral.<\/p>\n<p>El gobierno de Biden, en tanto, exhort\u00f3 recientemente a M\u00e9xico a actuar frente a los asesinatos de periodistas en el pa\u00eds.<\/p>\n<p>La relaci\u00f3n de L\u00f3pez Obrador con Biden es, sin embargo, mejor de lo que era con su predecesor, el republicano Donald Trump, a quien el canciller mexicano Marcelo Ebrard acus\u00f3 este lunes de agitar &#8220;el antimexicanismo&#8221; en el marco de la campa\u00f1a electoral para los comicios legislativos de medio mandato en Estados Unidos, que deben llevarse a cabo en noviembre.<\/p>\n<p>Trump se jact\u00f3 durante un acto del Partido Republicano de haber forzado a un alto representante del gobierno de L\u00f3pez Obrador a aceptar el despliegue de miles de soldados mexicanos para frenar la migraci\u00f3n indocumentada.<\/p>\n","protected":false},"excerpt":{"rendered":"<p>Los presidentes de Estados Unidos y de M\u00e9xico discutir\u00e1n ese espinoso tema en medio de la mayor oleada de migrantes en la frontera en dos d\u00e9cadas &nbsp; &nbsp; &nbsp; Los presidentes de Estados Unidos y M\u00e9xico, Joe Biden y Andr\u00e9s Manuel L\u00f3pez Obrador, respectivamente, se reunir\u00e1n este viernes de forma virtual para abordar una serie de temas de inter\u00e9s com\u00fan, como la cooperaci\u00f3n en materia de migraci\u00f3n. El encuentro se producir\u00e1 en un momento de fuerte oleada migratoria. En marzo las autoridades estadounidenses interceptaron a m\u00e1s de 221.000 personas en&#8230;<\/p>\n","protected":false},"author":3,"featured_media":41348,"comment_status":"closed","ping_status":"closed","sticky":false,"template":"","format":"standard","meta":[],"categories":[4],"tags":[],"_links":{"self":[{"href":"https:\/\/www.actualidadadiario.com\/index.php\/wp-json\/wp\/v2\/posts\/85658"}],"collection":[{"href":"https:\/\/www.actualidadadiario.com\/index.php\/wp-json\/wp\/v2\/posts"}],"about":[{"href":"https:\/\/www.actualidadadiario.com\/index.php\/wp-json\/wp\/v2\/types\/post"}],"author":[{"embeddable":true,"href":"https:\/\/www.actualidadadiario.com\/index.php\/wp-json\/wp\/v2\/users\/3"}],"replies":[{"embeddable":true,"href":"https:\/\/www.actualidadadiario.com\/index.php\/wp-json\/wp\/v2\/comments?post=85658"}],"version-history":[{"count":1,"href":"https:\/\/www.actualidadadiario.com\/index.php\/wp-json\/wp\/v2\/posts\/85658\/revisions"}],"predecessor-version":[{"id":85659,"href":"https:\/\/www.actualidadadiario.com\/index.php\/wp-json\/wp\/v2\/posts\/85658\/revisions\/85659"}],"wp:featuredmedia":[{"embeddable":true,"href":"https:\/\/www.actualidadadiario.com\/index.php\/wp-json\/wp\/v2\/media\/41348"}],"wp:attachment":[{"href":"https:\/\/www.actualidadadiario.com\/index.php\/wp-json\/wp\/v2\/media?parent=85658"}],"wp:term":[{"taxonomy":"category","embeddable":true,"href":"https:\/\/www.actualidadadiario.com\/index.php\/wp-json\/wp\/v2\/categories?post=85658"},{"taxonomy":"post_tag","embeddable":true,"href":"https:\/\/www.actualidadadiario.com\/index.php\/wp-json\/wp\/v2\/tags?post=85658"}],"curies":[{"name":"wp","href":"https:\/\/api.w.org\/{rel}","templated":true}]}}