{"id":85651,"date":"2022-04-29T13:09:11","date_gmt":"2022-04-29T16:09:11","guid":{"rendered":"https:\/\/www.actualidadadiario.com\/?p=85651"},"modified":"2022-04-29T13:09:11","modified_gmt":"2022-04-29T16:09:11","slug":"rusia-confirmo-la-destruccion-de-instalaciones-de-la-fabrica-militar-artiom-en-kiev","status":"publish","type":"post","link":"https:\/\/www.actualidadadiario.com\/index.php\/2022\/04\/29\/rusia-confirmo-la-destruccion-de-instalaciones-de-la-fabrica-militar-artiom-en-kiev\/","title":{"rendered":"Rusia confirm\u00f3 la destrucci\u00f3n de instalaciones de la f\u00e1brica militar Artiom en Kiev"},"content":{"rendered":"<p style=\"text-align: center;\"><em><strong>El portavoz del Ministerio de Defensa ruso, \u00cdgor Konash\u00e9nkov, inform\u00f3 que el ataque se produjo con armas de precisi\u00f3n<\/strong><\/em><\/p>\n<p>&nbsp;<\/p>\n<p>&nbsp;<\/p>\n<p>Las Fuerzas Aeroespaciales de Rusia destruyeron con armas de precisi\u00f3n las instalaciones de producci\u00f3n de la f\u00e1brica Artiom, de tecnolog\u00eda de misiles y del espacio, ubicada en la capital ucraniana. As\u00ed lo inform\u00f3 el portavoz del Ministerio de Defensa ruso, \u00cdgor Konash\u00e9nkov, en rueda de prensa este viernes.<\/p>\n<p>Los servicios ucranianos de emergencia anunciaron en la noche del jueves que una instalaci\u00f3n no especificada hab\u00eda sido alcanzada en Kiev y que un edificio residencial cercano sufri\u00f3 da\u00f1os en sus pisos inferiores.<\/p>\n<p>El pasado 15 de abril, el Ministerio ruso de Defensa advirti\u00f3 que aumentar\u00eda la cantidad y escala de ataques con misiles contra objetivos en Kiev, en respuesta a los de \u00edndole terrorista y sabotajes en territorio ruso, record\u00f3 Rusia este viernes.<\/p>\n<p>El sitio ruso Actualidad RT admiti\u00f3 que este ataque se produjo en momentos que el secretario general de la ONU, Ant\u00f3nio Guterres, se encontraba en Kiev donde se reuni\u00f3 con el presidente de Ucrania, Volod\u00edmir Zelenski para discutir la situaci\u00f3n humanitaria y la evacuaci\u00f3n de civiles de la ciudad de Mari\u00fapol, entre otros asuntos.<\/p>\n<p>Anteriormente Guterres hab\u00eda pasado por Mosc\u00fa, donde convers\u00f3 con el presidente ruso, Vladimir Putin, sobre la crisis ucraniana y previo a eso estuvo en Turqu\u00eda, donde convers\u00f3 con el mandatario de Ankara, Recep Erdogan.<\/p>\n","protected":false},"excerpt":{"rendered":"<p>El portavoz del Ministerio de Defensa ruso, \u00cdgor Konash\u00e9nkov, inform\u00f3 que el ataque se produjo con armas de precisi\u00f3n &nbsp; &nbsp; Las Fuerzas Aeroespaciales de Rusia destruyeron con armas de precisi\u00f3n las instalaciones de producci\u00f3n de la f\u00e1brica Artiom, de tecnolog\u00eda de misiles y del espacio, ubicada en la capital ucraniana. As\u00ed lo inform\u00f3 el portavoz del Ministerio de Defensa ruso, \u00cdgor Konash\u00e9nkov, en rueda de prensa este viernes. Los servicios ucranianos de emergencia anunciaron en la noche del jueves que una instalaci\u00f3n no especificada hab\u00eda sido alcanzada en Kiev&#8230;<\/p>\n","protected":false},"author":3,"featured_media":85652,"comment_status":"closed","ping_status":"closed","sticky":false,"template":"","format":"standard","meta":[],"categories":[4],"tags":[],"_links":{"self":[{"href":"https:\/\/www.actualidadadiario.com\/index.php\/wp-json\/wp\/v2\/posts\/85651"}],"collection":[{"href":"https:\/\/www.actualidadadiario.com\/index.php\/wp-json\/wp\/v2\/posts"}],"about":[{"href":"https:\/\/www.actualidadadiario.com\/index.php\/wp-json\/wp\/v2\/types\/post"}],"author":[{"embeddable":true,"href":"https:\/\/www.actualidadadiario.com\/index.php\/wp-json\/wp\/v2\/users\/3"}],"replies":[{"embeddable":true,"href":"https:\/\/www.actualidadadiario.com\/index.php\/wp-json\/wp\/v2\/comments?post=85651"}],"version-history":[{"count":1,"href":"https:\/\/www.actualidadadiario.com\/index.php\/wp-json\/wp\/v2\/posts\/85651\/revisions"}],"predecessor-version":[{"id":85653,"href":"https:\/\/www.actualidadadiario.com\/index.php\/wp-json\/wp\/v2\/posts\/85651\/revisions\/85653"}],"wp:featuredmedia":[{"embeddable":true,"href":"https:\/\/www.actualidadadiario.com\/index.php\/wp-json\/wp\/v2\/media\/85652"}],"wp:attachment":[{"href":"https:\/\/www.actualidadadiario.com\/index.php\/wp-json\/wp\/v2\/media?parent=85651"}],"wp:term":[{"taxonomy":"category","embeddable":true,"href":"https:\/\/www.actualidadadiario.com\/index.php\/wp-json\/wp\/v2\/categories?post=85651"},{"taxonomy":"post_tag","embeddable":true,"href":"https:\/\/www.actualidadadiario.com\/index.php\/wp-json\/wp\/v2\/tags?post=85651"}],"curies":[{"name":"wp","href":"https:\/\/api.w.org\/{rel}","templated":true}]}}