{"id":85648,"date":"2022-04-29T13:08:23","date_gmt":"2022-04-29T16:08:23","guid":{"rendered":"https:\/\/www.actualidadadiario.com\/?p=85648"},"modified":"2022-04-29T13:08:23","modified_gmt":"2022-04-29T16:08:23","slug":"numeros-rojos-las-principales-economias-europeas-se-debilitan","status":"publish","type":"post","link":"https:\/\/www.actualidadadiario.com\/index.php\/2022\/04\/29\/numeros-rojos-las-principales-economias-europeas-se-debilitan\/","title":{"rendered":"N\u00fameros rojos: las principales econom\u00edas europeas se debilitan"},"content":{"rendered":"<p style=\"text-align: center;\"><em><strong>Tres importantes econom\u00edas europeas como son Alemania, Francia y Espa\u00f1a, no dieron las mejores noticias hoy respecto a su devenir. Es consecuencia de la salida de la pandemia y la guerra entre Rusia y Ucrania<\/strong><\/em><\/p>\n<p>&nbsp;<\/p>\n<p>&nbsp;<\/p>\n<p>Tres importantes econom\u00edas europeas como son Alemania, Francia y Espa\u00f1a, no dieron las mejores noticias hoy respecto a su devenir, afectadas por las consecuencias de la salida de la pandemia y la guerra entre Rusia y Ucrania.<\/p>\n<p>El Gobierno espa\u00f1ol rebaj\u00f3 la proyecci\u00f3n de crecimiento econ\u00f3mico para este a\u00f1o del 7% al 4,3%, dijo el viernes la ministra de Econom\u00eda, Nadia Calvi\u00f1o.<\/p>\n<p>La ministra atribuy\u00f3 el deterioro de las perspectivas al impacto negativo de la situaci\u00f3n actual de los mercados energ\u00e9ticos tras la invasi\u00f3n rusa de Ucrania.<\/p>\n<p>En tanto, la econom\u00eda francesa se detuvo inesperadamente en el primer trimestre, ya que el gasto de los consumidores se redujo ante la crisis de los precios de la energ\u00eda y la guerra en Ucrania, mostraron el viernes los datos preliminares de la agencia oficial de estad\u00edsticas INSEE.<\/p>\n<p>El crecimiento nulo del primer trimestre supone una fuerte desaceleraci\u00f3n respecto a los tres \u00faltimos meses de 2021, cuando la segunda econom\u00eda de la zona euro creci\u00f3 un 0,8%, seg\u00fan un dato revisado al alza que antes mostraba un 0,7%.<\/p>\n<p>Esta cifra fue m\u00e1s d\u00e9bil que las expectativas de crecimiento del 0,3% en un sondeo de Reuters entre 24 economistas, que oscilaban entre el 0,6% y el -0,1%.<\/p>\n<p>El gasto de los hogares, motor tradicional del crecimiento franc\u00e9s, cay\u00f3 un 1,3% en el trimestre, ya que los altos precios de la energ\u00eda y la guerra de Ucrania afectaron a la confianza de los consumidores.<\/p>\n<p>El Producto Interior Bruto (PIB) alem\u00e1n creci\u00f3 un 0,2% durante el primer trimestre de 2022 pese al impacto de la guerra en Ucrania, seg\u00fan datos preliminares publicados este viernes.<\/p>\n<p>Alemania evita as\u00ed la recesi\u00f3n t\u00e9cnica, tras una ca\u00edda del PIB en el cuarto trimestre de 2021 de 0,3%, aunque &#8220;la guerra en Ucrania influye de manera creciente en la coyuntura&#8221;, indic\u00f3 el Instituto de estad\u00edsticas Destatis en un comunicado.<\/p>\n<p>El indicador muestra mejores datos que la previsi\u00f3n del servicio de analistas financieros Factset, que pronostic\u00f3 un crecimiento del 0,15%.<\/p>\n<p>En un a\u00f1o, el PIB alem\u00e1n aument\u00f3 de 3,7%.<\/p>\n<p>El resultado positivo se explica por las &#8220;fuertes inversiones&#8221;, subraya Destatis.<\/p>\n<p>La econom\u00eda alemana muestra un dinamismo impulsado por &#8220;la relajaci\u00f3n de las medidas contra el coronavirus, que tuvo un efecto positivo&#8221;, analiza Jens Oliver Niklash, del Banco LBBW.<\/p>\n<p>Pero la guerra en Ucrania sigue teniendo un fuerte impacto en el pa\u00eds.<\/p>\n<p>La primera econom\u00eda de la zona euro sufre desde febrero las consecuencias econ\u00f3micas del conflicto. La industria exportadora es la principal afectada.<\/p>\n<p>La invasi\u00f3n rusa de Ucrania agrav\u00f3 los cuellos de botella en muchos mercados, debido a las sanciones impuestas contra Rusia y a los paros de producci\u00f3n en Ucrania, que abastece sobre todo al sector autom\u00f3vil.<\/p>\n<p>Adem\u00e1s, el conflicto tuvo un fuerte impacto sobre los precios de la energ\u00eda, lo que aliment\u00f3 la inflaci\u00f3n, que alcanz\u00f3 el 7,4% interanual en abril.<\/p>\n<p>Este galopante aumento de los precios afect\u00f3 tanto el poder adquisitivo de los hogares como los ingresos de las empresas.<\/p>\n<p>En consecuencia, Alemania redujo sus previsiones de crecimiento al 2,2% para este a\u00f1o, frente al 3,6% previsto en enero.<\/p>\n","protected":false},"excerpt":{"rendered":"<p>Tres importantes econom\u00edas europeas como son Alemania, Francia y Espa\u00f1a, no dieron las mejores noticias hoy respecto a su devenir. Es consecuencia de la salida de la pandemia y la guerra entre Rusia y Ucrania &nbsp; &nbsp; Tres importantes econom\u00edas europeas como son Alemania, Francia y Espa\u00f1a, no dieron las mejores noticias hoy respecto a su devenir, afectadas por las consecuencias de la salida de la pandemia y la guerra entre Rusia y Ucrania. El Gobierno espa\u00f1ol rebaj\u00f3 la proyecci\u00f3n de crecimiento econ\u00f3mico para este a\u00f1o del 7% al 4,3%,&#8230;<\/p>\n","protected":false},"author":3,"featured_media":85649,"comment_status":"closed","ping_status":"closed","sticky":false,"template":"","format":"standard","meta":[],"categories":[4],"tags":[],"_links":{"self":[{"href":"https:\/\/www.actualidadadiario.com\/index.php\/wp-json\/wp\/v2\/posts\/85648"}],"collection":[{"href":"https:\/\/www.actualidadadiario.com\/index.php\/wp-json\/wp\/v2\/posts"}],"about":[{"href":"https:\/\/www.actualidadadiario.com\/index.php\/wp-json\/wp\/v2\/types\/post"}],"author":[{"embeddable":true,"href":"https:\/\/www.actualidadadiario.com\/index.php\/wp-json\/wp\/v2\/users\/3"}],"replies":[{"embeddable":true,"href":"https:\/\/www.actualidadadiario.com\/index.php\/wp-json\/wp\/v2\/comments?post=85648"}],"version-history":[{"count":1,"href":"https:\/\/www.actualidadadiario.com\/index.php\/wp-json\/wp\/v2\/posts\/85648\/revisions"}],"predecessor-version":[{"id":85650,"href":"https:\/\/www.actualidadadiario.com\/index.php\/wp-json\/wp\/v2\/posts\/85648\/revisions\/85650"}],"wp:featuredmedia":[{"embeddable":true,"href":"https:\/\/www.actualidadadiario.com\/index.php\/wp-json\/wp\/v2\/media\/85649"}],"wp:attachment":[{"href":"https:\/\/www.actualidadadiario.com\/index.php\/wp-json\/wp\/v2\/media?parent=85648"}],"wp:term":[{"taxonomy":"category","embeddable":true,"href":"https:\/\/www.actualidadadiario.com\/index.php\/wp-json\/wp\/v2\/categories?post=85648"},{"taxonomy":"post_tag","embeddable":true,"href":"https:\/\/www.actualidadadiario.com\/index.php\/wp-json\/wp\/v2\/tags?post=85648"}],"curies":[{"name":"wp","href":"https:\/\/api.w.org\/{rel}","templated":true}]}}