{"id":85642,"date":"2022-04-29T13:03:11","date_gmt":"2022-04-29T16:03:11","guid":{"rendered":"https:\/\/www.actualidadadiario.com\/?p=85642"},"modified":"2022-04-29T13:03:11","modified_gmt":"2022-04-29T16:03:11","slug":"diputados-tratara-un-proyecto-que-habilita-las-recetas-digitales","status":"publish","type":"post","link":"https:\/\/www.actualidadadiario.com\/index.php\/2022\/04\/29\/diputados-tratara-un-proyecto-que-habilita-las-recetas-digitales\/","title":{"rendered":"Diputados tratar\u00e1 un proyecto que habilita las recetas digitales"},"content":{"rendered":"<p style=\"text-align: center;\"><em><strong>La Comisi\u00f3n de Salud de la C\u00e1mara de Diputados tratar\u00e1 el martes un proyecto de ley por el cual Entre R\u00edos adhiere a la ley que establece la prescripci\u00f3n de medicamentos se puede realizar a trav\u00e9s de recetas electr\u00f3nicas o digitales<\/strong><\/em><\/p>\n<p>&nbsp;<\/p>\n<p>&nbsp;<\/p>\n<p>En los pr\u00f3ximos d\u00edas habr\u00e1 varias reuniones de comisi\u00f3n en la C\u00e1mara de Diputados.<\/p>\n<p>El mi\u00e9rcoles a las 9 la Comisi\u00f3n de Salud P\u00fablica se reunir\u00e1 para tratar el proyecto de ley tiene por objeto establecer que la prescripci\u00f3n y dispensaci\u00f3n de medicamentos puedan ser redactadas y firmada a trav\u00e9s de firmas manuscritas, electr\u00f3nicas o digitales, en recetas electr\u00f3nicas o digitales en todo el territorio de la provincia<\/p>\n<p>Concretamente propone que la provincia adhiera a la Ley Nacional N\u00b027.553, de Teleasistencia y recetas electr\u00f3nicas o digitales.<\/p>\n<p>Tambi\u00e9n en la comisi\u00f3n se abordar\u00e1 el proyecto de ley por el cual crea el Colegio de Profesionales Psicomotricistas de la Provincia de Entre R\u00edos.<\/p>\n<p>A las 10 a la reuni\u00f3n se sumar\u00e1n quienes integran la Comisi\u00f3n de Legislaci\u00f3n General para avanzar en el R\u00e9gimen de disposici\u00f3n de cad\u00e1veres no reclamados por familiares con fines de estudios acad\u00e9micos.<\/p>\n<p>A las 10:30 la Comisi\u00f3n de Legislaci\u00f3n General tratar\u00e1 el proyecto que declara \u00c1rea Natural Protegida &#8211; reserva de uso m\u00faltiple en los t\u00e9rminos de la Ley N\u00ba 10.479, al inmueble denominado reserva natural Chaviy\u00fa, de propiedad del Estado municipal de Federaci\u00f3n.<\/p>\n<p>Tambi\u00e9n la iniciativa que modifica el segundo p\u00e1rrafo al art\u00edculo 3\u00b0 de la Ley N\u00ba 10.559 ref. aceptaci\u00f3n de la donaci\u00f3n de un inmueble de propiedad de la Municipalidad de Gualeguaych\u00fa al Consejo General de Educaci\u00f3n (CGE(.<\/p>\n<p>Adem\u00e1s se abordar\u00e1 la autorizaci\u00f3n para que el Gobierno transfiera a la UNER un inmueble.<\/p>\n<p>Por \u00faltimo, el jueves a las 9 la Comisi\u00f3n de Asuntos Municipales y Comunales seguir\u00e1 trabajando en las reformas de la Ley N\u00ba 10.027.<\/p>\n","protected":false},"excerpt":{"rendered":"<p>La Comisi\u00f3n de Salud de la C\u00e1mara de Diputados tratar\u00e1 el martes un proyecto de ley por el cual Entre R\u00edos adhiere a la ley que establece la prescripci\u00f3n de medicamentos se puede realizar a trav\u00e9s de recetas electr\u00f3nicas o digitales &nbsp; &nbsp; En los pr\u00f3ximos d\u00edas habr\u00e1 varias reuniones de comisi\u00f3n en la C\u00e1mara de Diputados. El mi\u00e9rcoles a las 9 la Comisi\u00f3n de Salud P\u00fablica se reunir\u00e1 para tratar el proyecto de ley tiene por objeto establecer que la prescripci\u00f3n y dispensaci\u00f3n de medicamentos puedan ser redactadas y&#8230;<\/p>\n","protected":false},"author":3,"featured_media":85643,"comment_status":"closed","ping_status":"closed","sticky":false,"template":"","format":"standard","meta":[],"categories":[15],"tags":[],"_links":{"self":[{"href":"https:\/\/www.actualidadadiario.com\/index.php\/wp-json\/wp\/v2\/posts\/85642"}],"collection":[{"href":"https:\/\/www.actualidadadiario.com\/index.php\/wp-json\/wp\/v2\/posts"}],"about":[{"href":"https:\/\/www.actualidadadiario.com\/index.php\/wp-json\/wp\/v2\/types\/post"}],"author":[{"embeddable":true,"href":"https:\/\/www.actualidadadiario.com\/index.php\/wp-json\/wp\/v2\/users\/3"}],"replies":[{"embeddable":true,"href":"https:\/\/www.actualidadadiario.com\/index.php\/wp-json\/wp\/v2\/comments?post=85642"}],"version-history":[{"count":1,"href":"https:\/\/www.actualidadadiario.com\/index.php\/wp-json\/wp\/v2\/posts\/85642\/revisions"}],"predecessor-version":[{"id":85644,"href":"https:\/\/www.actualidadadiario.com\/index.php\/wp-json\/wp\/v2\/posts\/85642\/revisions\/85644"}],"wp:featuredmedia":[{"embeddable":true,"href":"https:\/\/www.actualidadadiario.com\/index.php\/wp-json\/wp\/v2\/media\/85643"}],"wp:attachment":[{"href":"https:\/\/www.actualidadadiario.com\/index.php\/wp-json\/wp\/v2\/media?parent=85642"}],"wp:term":[{"taxonomy":"category","embeddable":true,"href":"https:\/\/www.actualidadadiario.com\/index.php\/wp-json\/wp\/v2\/categories?post=85642"},{"taxonomy":"post_tag","embeddable":true,"href":"https:\/\/www.actualidadadiario.com\/index.php\/wp-json\/wp\/v2\/tags?post=85642"}],"curies":[{"name":"wp","href":"https:\/\/api.w.org\/{rel}","templated":true}]}}