{"id":85636,"date":"2022-04-29T13:01:40","date_gmt":"2022-04-29T16:01:40","guid":{"rendered":"https:\/\/www.actualidadadiario.com\/?p=85636"},"modified":"2022-04-29T13:01:40","modified_gmt":"2022-04-29T16:01:40","slug":"un-concordiense-se-suma-al-ministerio-de-cultura-de-la-nacion","status":"publish","type":"post","link":"https:\/\/www.actualidadadiario.com\/index.php\/2022\/04\/29\/un-concordiense-se-suma-al-ministerio-de-cultura-de-la-nacion\/","title":{"rendered":"Un concordiense se suma al Ministerio de Cultura de la Naci\u00f3n"},"content":{"rendered":"<p style=\"text-align: center;\"><em><strong>Se trata de Federico Prieto, quien hasta ayer se desempe\u00f1\u00f3 como director de Formaci\u00f3n y Diversidad Cultural del gobierno de Entre R\u00edos. Ahora, asumir\u00e1 en un puesto clave en Naci\u00f3n<\/strong><\/em><\/p>\n<p>&nbsp;<\/p>\n<p>&nbsp;<\/p>\n<p>&nbsp;<\/p>\n<p>Federico Prieto tiene 36 a\u00f1os y es gestor cultural. Naci\u00f3 en Concordia y tras una carrera en diversas \u00e1reas de Cultura en el estado provincial asumi\u00f3 en el segundo mandato de Gustavo Bordet como director de Formaci\u00f3n y Diversidad Cultural de la secretar\u00eda de Cultura, cargo que abandonar\u00e1 tras haber sido elegido por el ministro Trist\u00e1n Bauer para ser el nuevo secretario de Gesti\u00f3n Cultural del Ministerio de Cultura de la Naci\u00f3n.<\/p>\n<p>En la estructura de ese organismo, de Bauer directamente dependen solo cuatro Secretar\u00edas. Prieto pasar\u00e1 a comandar una de ellas, la m\u00e1s potente quiz\u00e1s por tener la mayor cantidad de Direcciones a su cargo y por ser, adem\u00e1s, la responsable del desarrollo territorial federal de las acciones culturales del gobierno nacional.<\/p>\n<p>Entre quienes estar\u00e1n a cargo de Prieto se encuentra Mar\u00eda Fabiana Almeida, la hija de Taty Almeida, quien tiene a su cargo la Direcci\u00f3n de Derechos Humanos.<\/p>\n<p>Por eso, no es menor que el cargo haya sido encomendado a este joven entrerriano que viene de una gesti\u00f3n sin mayores sobresaltos en el \u00e1rea en la provincia. Entre otras cuestiones, fue uno de los encargados de la producci\u00f3n general del FICER, el Festival Internacional de Cine de Entre R\u00edos.<\/p>\n<p>En el sector audiovisual lo conocen bien porque es uno de los que se referencian en la ahora diputada nacional Carolina Gaillard (FdT), quien antes de volver a ser legisladora tuvo a su cargo la Cultura de la provincia y fue una de las promotoras del FICER y de la Ley de Fomento Audiovisual en la provincia. Prieto trabaj\u00f3 con ella en la Casa de Entre R\u00edos y en la Secretar\u00eda.<\/p>\n<p>Fue uno de los precursores en la provincia del movimiento Cultura Vida Comunitaria, tanto del movimiento como de la parte institucional que es la Red de Puntos de Cultura. Previamente form\u00f3 parte de la coordinaci\u00f3n de Cultura del \u00c1rea Joven.<\/p>\n<p>En Concordia, en el \u00e1mbito cultural lo conocen por haber tra\u00eddo durante la pandemia algo de la asistencia que desde el estado provincial se dispuso. Pero todav\u00eda conservaba hasta ayer el perfil bajo de quien es segundo en la gesti\u00f3n.<\/p>\n<p>El entrerriano asumir\u00e1 en Cultura de Naci\u00f3n tras el pedido de renuncia de Bauer al anterior secretario por denuncias de maltrato laboral.Fue el propio Bauer quien contact\u00f3 a Prieto para ofrecerle el cargo y el nombre del entrerriano ya fue presentado a diferentes Direcciones del Ministerio que recibieron con aceptaci\u00f3n la novedad, por su trayectoria en la provincia y por el respeto que por \u00e9l mostr\u00f3 el propio Bauer.<\/p>\n<p>El desaf\u00edo de Prieto ser\u00e1 poner en acci\u00f3n una premisa que desde la provincia ven\u00eda trabajando: la cultura no es solo el arte.<\/p>\n","protected":false},"excerpt":{"rendered":"<p>Se trata de Federico Prieto, quien hasta ayer se desempe\u00f1\u00f3 como director de Formaci\u00f3n y Diversidad Cultural del gobierno de Entre R\u00edos. Ahora, asumir\u00e1 en un puesto clave en Naci\u00f3n &nbsp; &nbsp; &nbsp; Federico Prieto tiene 36 a\u00f1os y es gestor cultural. Naci\u00f3 en Concordia y tras una carrera en diversas \u00e1reas de Cultura en el estado provincial asumi\u00f3 en el segundo mandato de Gustavo Bordet como director de Formaci\u00f3n y Diversidad Cultural de la secretar\u00eda de Cultura, cargo que abandonar\u00e1 tras haber sido elegido por el ministro Trist\u00e1n Bauer&#8230;<\/p>\n","protected":false},"author":3,"featured_media":85637,"comment_status":"closed","ping_status":"closed","sticky":false,"template":"","format":"standard","meta":[],"categories":[15],"tags":[],"_links":{"self":[{"href":"https:\/\/www.actualidadadiario.com\/index.php\/wp-json\/wp\/v2\/posts\/85636"}],"collection":[{"href":"https:\/\/www.actualidadadiario.com\/index.php\/wp-json\/wp\/v2\/posts"}],"about":[{"href":"https:\/\/www.actualidadadiario.com\/index.php\/wp-json\/wp\/v2\/types\/post"}],"author":[{"embeddable":true,"href":"https:\/\/www.actualidadadiario.com\/index.php\/wp-json\/wp\/v2\/users\/3"}],"replies":[{"embeddable":true,"href":"https:\/\/www.actualidadadiario.com\/index.php\/wp-json\/wp\/v2\/comments?post=85636"}],"version-history":[{"count":1,"href":"https:\/\/www.actualidadadiario.com\/index.php\/wp-json\/wp\/v2\/posts\/85636\/revisions"}],"predecessor-version":[{"id":85638,"href":"https:\/\/www.actualidadadiario.com\/index.php\/wp-json\/wp\/v2\/posts\/85636\/revisions\/85638"}],"wp:featuredmedia":[{"embeddable":true,"href":"https:\/\/www.actualidadadiario.com\/index.php\/wp-json\/wp\/v2\/media\/85637"}],"wp:attachment":[{"href":"https:\/\/www.actualidadadiario.com\/index.php\/wp-json\/wp\/v2\/media?parent=85636"}],"wp:term":[{"taxonomy":"category","embeddable":true,"href":"https:\/\/www.actualidadadiario.com\/index.php\/wp-json\/wp\/v2\/categories?post=85636"},{"taxonomy":"post_tag","embeddable":true,"href":"https:\/\/www.actualidadadiario.com\/index.php\/wp-json\/wp\/v2\/tags?post=85636"}],"curies":[{"name":"wp","href":"https:\/\/api.w.org\/{rel}","templated":true}]}}