{"id":85630,"date":"2022-04-29T13:00:16","date_gmt":"2022-04-29T16:00:16","guid":{"rendered":"https:\/\/www.actualidadadiario.com\/?p=85630"},"modified":"2022-04-29T13:00:16","modified_gmt":"2022-04-29T16:00:16","slug":"con-fondos-nacionales-licitaron-36-viviendas-para-federal","status":"publish","type":"post","link":"https:\/\/www.actualidadadiario.com\/index.php\/2022\/04\/29\/con-fondos-nacionales-licitaron-36-viviendas-para-federal\/","title":{"rendered":"Con fondos nacionales, licitaron 36 viviendas para Federal"},"content":{"rendered":"<p style=\"text-align: center;\"><em><strong>En el marco del programa Casa Propia-Construir Futuro, el gobierno entrerriano, a trav\u00e9s del Instituto Aut\u00e1rquico de Planeamiento y Vivienda (IAPV), licit\u00f3 la construcci\u00f3n de 36 nuevas unidades habitacionales para la localidad de Federal, que se ejecutar\u00e1n con fondos nacionales<\/strong><\/em><\/p>\n<p>&nbsp;<\/p>\n<p>&nbsp;<\/p>\n<p>El acto licitatorio fue encabezado por el titular del IAPV, Marcelo Bisogni, quien estuvo acompa\u00f1ado por el intendente de Federal, Gerardo Chapino; los vocales, Marcelo B\u00e1ez, Miriam Espinoza y Juan Mart\u00ednez, la escribana delegada de la Escriban\u00eda Mayor de Gobierno, Carolina Schaab, los representantes de la empresa constructora y personal t\u00e9cnico de la repartici\u00f3n provincial, entre otras autoridades.<\/p>\n<p>Para la construcci\u00f3n de 36 viviendas en Federal present\u00f3 su propuesta econ\u00f3mica la empresa Cimbra Constructora S.A, quien cotiz\u00f3 292.867.964,27 pesos y tienen un plazo de ejecuci\u00f3n de 12 meses corridos.<\/p>\n<p>Cada unidad habitacional tiene una superficie de 63 m2, est\u00e1 compuesta de 2 dormitorios y la posibilidad de ampliaci\u00f3n de otra habitaci\u00f3n, comedor- cocina, y ba\u00f1o; adem\u00e1s tiene un espacio para cochera y huerta, y contar\u00e1 con un termotanque solar de 180 litros con resistencia el\u00e9ctrica.<\/p>\n","protected":false},"excerpt":{"rendered":"<p>En el marco del programa Casa Propia-Construir Futuro, el gobierno entrerriano, a trav\u00e9s del Instituto Aut\u00e1rquico de Planeamiento y Vivienda (IAPV), licit\u00f3 la construcci\u00f3n de 36 nuevas unidades habitacionales para la localidad de Federal, que se ejecutar\u00e1n con fondos nacionales &nbsp; &nbsp; El acto licitatorio fue encabezado por el titular del IAPV, Marcelo Bisogni, quien estuvo acompa\u00f1ado por el intendente de Federal, Gerardo Chapino; los vocales, Marcelo B\u00e1ez, Miriam Espinoza y Juan Mart\u00ednez, la escribana delegada de la Escriban\u00eda Mayor de Gobierno, Carolina Schaab, los representantes de la empresa constructora&#8230;<\/p>\n","protected":false},"author":3,"featured_media":85631,"comment_status":"closed","ping_status":"closed","sticky":false,"template":"","format":"standard","meta":[],"categories":[15],"tags":[],"_links":{"self":[{"href":"https:\/\/www.actualidadadiario.com\/index.php\/wp-json\/wp\/v2\/posts\/85630"}],"collection":[{"href":"https:\/\/www.actualidadadiario.com\/index.php\/wp-json\/wp\/v2\/posts"}],"about":[{"href":"https:\/\/www.actualidadadiario.com\/index.php\/wp-json\/wp\/v2\/types\/post"}],"author":[{"embeddable":true,"href":"https:\/\/www.actualidadadiario.com\/index.php\/wp-json\/wp\/v2\/users\/3"}],"replies":[{"embeddable":true,"href":"https:\/\/www.actualidadadiario.com\/index.php\/wp-json\/wp\/v2\/comments?post=85630"}],"version-history":[{"count":1,"href":"https:\/\/www.actualidadadiario.com\/index.php\/wp-json\/wp\/v2\/posts\/85630\/revisions"}],"predecessor-version":[{"id":85632,"href":"https:\/\/www.actualidadadiario.com\/index.php\/wp-json\/wp\/v2\/posts\/85630\/revisions\/85632"}],"wp:featuredmedia":[{"embeddable":true,"href":"https:\/\/www.actualidadadiario.com\/index.php\/wp-json\/wp\/v2\/media\/85631"}],"wp:attachment":[{"href":"https:\/\/www.actualidadadiario.com\/index.php\/wp-json\/wp\/v2\/media?parent=85630"}],"wp:term":[{"taxonomy":"category","embeddable":true,"href":"https:\/\/www.actualidadadiario.com\/index.php\/wp-json\/wp\/v2\/categories?post=85630"},{"taxonomy":"post_tag","embeddable":true,"href":"https:\/\/www.actualidadadiario.com\/index.php\/wp-json\/wp\/v2\/tags?post=85630"}],"curies":[{"name":"wp","href":"https:\/\/api.w.org\/{rel}","templated":true}]}}