{"id":85627,"date":"2022-04-29T12:59:32","date_gmt":"2022-04-29T15:59:32","guid":{"rendered":"https:\/\/www.actualidadadiario.com\/?p=85627"},"modified":"2022-04-29T12:59:32","modified_gmt":"2022-04-29T15:59:32","slug":"la-provincia-y-los-gobiernos-locales-abordaron-la-cuestion-social-y-la-planificacion-de-politicas-con-eje-territorial","status":"publish","type":"post","link":"https:\/\/www.actualidadadiario.com\/index.php\/2022\/04\/29\/la-provincia-y-los-gobiernos-locales-abordaron-la-cuestion-social-y-la-planificacion-de-politicas-con-eje-territorial\/","title":{"rendered":"La provincia y los gobiernos locales abordaron la cuesti\u00f3n social y la planificaci\u00f3n de pol\u00edticas con eje territorial"},"content":{"rendered":"<p style=\"text-align: center;\"><em><strong>Las \u00e1reas sociales de 83 municipios participaron de una jornada en la que se trabaj\u00f3 el fortalecimiento del dise\u00f1o de estrategias conjuntas en las comunidades. El Ministerio de Desarrollo Social impuls\u00f3 un encuentro encabezado por la vicegobernadora Laura Stratta y la ministra Marisa Paira<\/strong><\/em><\/p>\n<p>&nbsp;<\/p>\n<p>&nbsp;<\/p>\n<p>&nbsp;<\/p>\n<p>Durante la jornada las autoridades propusieron fortalecer la red institucional para atender las diversas situaciones sociales a partir del trabajo articulado y la contenci\u00f3n territorial desde el di\u00e1logo y la reflexi\u00f3n, a partir de los ejes transversales del Ministerio con el fin de fortalecer colectivamente acciones futuras. Desde la cartera social, de manera conjunta con la Secretar\u00eda de Modernizaci\u00f3n, se trabaja en la construcci\u00f3n de una herramienta de alcance provincial que facilite el mapeo de datos sociales estrat\u00e9gicos que profundicen el dise\u00f1o de pol\u00edticas p\u00fablicas acordes a las diversas realidades de cada localidad.<\/p>\n<p>Durante el encuentro Stratta sostuvo que los entrerrianos son afortunados por tener \u201cun gobernador que puso las pol\u00edticas sociales en la agenda p\u00fablica\u201d, y se\u00f1al\u00f3: &#8220;El desarrollo social y humano es fundamental porque tiene que ver con el fortalecimiento del entramado social de cada una de las comunidades. Por eso, es importante tejer redes, articular acciones y tener gobiernos que puedan ser emp\u00e1ticos, que puedan ponerse en el lugar del otro y que puedan dise\u00f1ar pol\u00edticas en funci\u00f3n de ese diagn\u00f3stico, de esa actitud de ponerse en el lugar del otro\u201d.<\/p>\n<p>Y subray\u00f3: \u201cPor eso siempre hay que redoblar la apuesta al trabajo, a la creatividad y a las redes que nos permitan generar esas pol\u00edticas p\u00fablicas que lleven alivio y nos ayuden a mitigar las desigualdades que tiene el capitalismo como sistema, y que se acrecientan cuando est\u00e1n atravesadas por momentos como esos. Y se trata de una responsabilidad conjunta de Naci\u00f3n, de municipios y de Provincia que debemos emprender con organizaciones e instituciones de la sociedad civil, con las que tambi\u00e9n trabajamos. Por eso es importante que las pol\u00edticas de desarrollo social tengan lugar en la agenda de la gesti\u00f3n y que se disponga de las partidas presupuestarias necesarias\u201d.<\/p>\n<p>\u201cCelebramos haber concretado este encuentro presencial con las \u00e1reas municipales, con las que venimos trabajando desde el comienzo de la gesti\u00f3n para fortalecer los ejes de trabajo y cuidado. Partimos de la premisa que nos marca el gobernador Gustavo Bordet, de acompa\u00f1ar e impulsar las pol\u00edticas p\u00fablicas que dise\u00f1an los gobiernos locales porque entendemos que son quienes tienen el di\u00e1logo directo con las entrerrianas y entrerrianos en sus comunidades. Estamos convencidos que la integralidad y la transversalidad que requieren las pol\u00edticas de desarrollo humano nos necesitan aunando esfuerzos para que los datos sociales estrat\u00e9gicos que construimos formen parte de los programas que llevamos adelante en cada rinc\u00f3n de la provincia\u201d, destac\u00f3 Paira.<\/p>\n<p>&nbsp;<\/p>\n<p><strong>Construcci\u00f3n de un dato social estrat\u00e9gico<\/strong><\/p>\n<p>Durante la primera etapa de la jornada los funcionarios repasaron los programas que lleva adelante la provincia en articulaci\u00f3n con los municipios, el universo o poblaci\u00f3n destinataria de cada uno de los programas, y la informaci\u00f3n necesaria con la que necesita contar cada \u00e1rea para un desarrollo pleno de las pol\u00edticas.<\/p>\n<p>En segundo lugar, de manera conjunta con la Secretar\u00eda de Modernizaci\u00f3n se present\u00f3 Tramar Comunidad, una herramienta que se probar\u00e1 en algunos municipios para la generaci\u00f3n de bases de datos a trav\u00e9s de la recolecci\u00f3n de informaci\u00f3n con la pretensi\u00f3n, a mediano y largo plazo, de lograr la georeferencia en un mapa social local de cada municipio.<\/p>\n<p>La subsecretaria de Pol\u00edticas Comunitarias y Territoriales, Rosa Silva, agradeci\u00f3 la presencia de los municipios y valor\u00f3: \u201cEsta jornada en la cual nos tomamos un tiempo para repensar la tarea cotidiana y las acciones en territorio desde las distintas instancias que tenemos en el Ministerio, habla de equipos que todos los d\u00edas, cada uno desde su lugar, va transformando y gestando un mundo posible y habitable para todas y todos\u201d.<\/p>\n<p>Sobre la propuesta de Tramar Comunidad Silva explic\u00f3: \u201cQueremos generar herramientas para la construcci\u00f3n de estados de situaci\u00f3n locales, que permitan identificar r\u00e1pidamente situaciones entendiendo que somos un territorio muy diverso, y que el dato pueda hablar de cada zona pensando en la acci\u00f3n territorial. Esto nos va a facilitar consolidar pol\u00edticas a largo plazo para dar respuestas y acompa\u00f1ar los procesos\u201d.<\/p>\n<p>A su turno, la secretaria de Modernizaci\u00f3n, Lucrecia Escand\u00f3n, precis\u00f3: &#8220;Construir informaci\u00f3n y generar conocimiento permite mejorar la decisi\u00f3n p\u00fablica que se toma, y esta decisi\u00f3n tiene que ver con un paso uno, que es la definici\u00f3n del problema ante el cual nos encontramos. Ah\u00ed el dato social tiene un desaf\u00edo distinto a otros datos, porque las decisiones que tomamos a partir de \u00e9l tienen un impacto enorme en la vida de las personas&#8221;.<\/p>\n<p>&nbsp;<\/p>\n<p><strong>Experiencias del trabajo en los territorios<\/strong><\/p>\n<p>La secretaria de Pol\u00edticas Sociales, Inclusivas y Territoriales de Paran\u00e1, Eliana Ramos, dijo: \u201cValoramos la convocatoria que el Gobierno Provincial, a trav\u00e9s del Ministerio encabezado por Marisa Paira, extendi\u00f3 a todos los municipios de la provincia. Son instancias fundamentales para el intercambio y an\u00e1lisis de experiencias, adem\u00e1s de compartir informaci\u00f3n sobre las distintas pol\u00edticas p\u00fablicas que estamos trabajando en las ciudades. Desde la gesti\u00f3n de nuestro Intendente Ad\u00e1n Bahl permanentemente ejecutamos pol\u00edticas p\u00fablicas sociales que beneficien el desarrollo de los vecinos y vecinas las cuales surgen de la articulaci\u00f3n con la provincia y la Naci\u00f3n\u201d.<\/p>\n<p>Por otro lado la titular de la Secretar\u00eda de Gobierno de Ibicuy, Noelia Garc\u00eda, agradeci\u00f3 la convocatoria y remarc\u00f3:<\/p>\n<p>\u201cConstruir el dato social con \u00e9nfasis en la mirada social, en cada instancia que participamos nos vamos con nuevas ideas para la gesti\u00f3n y creaci\u00f3n de pol\u00edticas p\u00fablicas. Estamos muy contentas de poder compartir nuestra experiencia, del censo de poblaci\u00f3n y vivienda que realizamos desde la municipalidad en el 2021, lo que nos ayud\u00f3 a planificar acciones pensando siempre en la comunidad\u201d.<\/p>\n<p>\u201cJunto al Gobierno Provincial venimos trabajando articuladamente en programas y gestiones, una l\u00ednea de trabajo que nos indic\u00f3 el intendente Alfredo Francolini. Hoy fue un momento importante para reforzar este trabajo y coordinar una agenda social con los dem\u00e1s municipios. Creemos que estas instancias nos permiten validar diagn\u00f3sticos y profundizar los desaf\u00edos que tenemos por delante\u201d, agreg\u00f3 el secretario de Desarrollo Social y Producci\u00f3n de Concordia, Fernando Barbosa.<\/p>\n<p>&nbsp;<\/p>\n<p><strong>Presencias<\/strong><\/p>\n<p>En la jornada estuvieron presentes, adem\u00e1s de los y las titulares de \u00e1reas sociales municipales, la intendenta de Lucas Gonz\u00e1lez, Mar\u00eda Cristina Boeri; el viceintendente de Los Charr\u00faas, Juan Bucchhammer; la secretaria de Mujeres, G\u00e9nero y Diversidad, Mariana Broggi; los secretarios de Gesti\u00f3n, Andr\u00e9s Dabin, y de Deportes, Jos\u00e9 G\u00f3mez; el subsecretario Fortalecimiento de las Organizaciones Sociales, Juan Arbitelli, las subsecretarias de Desarrollo Humano y Pol\u00edticas del Cuidado, Muriel Stablun, de Econom\u00eda Social, Yamina Wagner, y de Mujeres, Valeria Migueles; la titular del Instituto Provincial de Discapacidad (Iprodi), Mar\u00eda In\u00e9s Artusi; los directores de Comedores, Ariel Wilvers, de Adultos Mayores, Pedro Manucci, y de Integraci\u00f3n Comunitaria, Javier Tom\u00e9; la coordinadora General de la Subsecretar\u00eda de Pol\u00edticas Alimentarias, Priscila Spinetti y el coordinador de Desarrollo Territorial y Comunitario, Leonel Alen.<\/p>\n","protected":false},"excerpt":{"rendered":"<p>Las \u00e1reas sociales de 83 municipios participaron de una jornada en la que se trabaj\u00f3 el fortalecimiento del dise\u00f1o de estrategias conjuntas en las comunidades. El Ministerio de Desarrollo Social impuls\u00f3 un encuentro encabezado por la vicegobernadora Laura Stratta y la ministra Marisa Paira &nbsp; &nbsp; &nbsp; Durante la jornada las autoridades propusieron fortalecer la red institucional para atender las diversas situaciones sociales a partir del trabajo articulado y la contenci\u00f3n territorial desde el di\u00e1logo y la reflexi\u00f3n, a partir de los ejes transversales del Ministerio con el fin de&#8230;<\/p>\n","protected":false},"author":3,"featured_media":85628,"comment_status":"closed","ping_status":"closed","sticky":false,"template":"","format":"standard","meta":[],"categories":[15],"tags":[],"_links":{"self":[{"href":"https:\/\/www.actualidadadiario.com\/index.php\/wp-json\/wp\/v2\/posts\/85627"}],"collection":[{"href":"https:\/\/www.actualidadadiario.com\/index.php\/wp-json\/wp\/v2\/posts"}],"about":[{"href":"https:\/\/www.actualidadadiario.com\/index.php\/wp-json\/wp\/v2\/types\/post"}],"author":[{"embeddable":true,"href":"https:\/\/www.actualidadadiario.com\/index.php\/wp-json\/wp\/v2\/users\/3"}],"replies":[{"embeddable":true,"href":"https:\/\/www.actualidadadiario.com\/index.php\/wp-json\/wp\/v2\/comments?post=85627"}],"version-history":[{"count":1,"href":"https:\/\/www.actualidadadiario.com\/index.php\/wp-json\/wp\/v2\/posts\/85627\/revisions"}],"predecessor-version":[{"id":85629,"href":"https:\/\/www.actualidadadiario.com\/index.php\/wp-json\/wp\/v2\/posts\/85627\/revisions\/85629"}],"wp:featuredmedia":[{"embeddable":true,"href":"https:\/\/www.actualidadadiario.com\/index.php\/wp-json\/wp\/v2\/media\/85628"}],"wp:attachment":[{"href":"https:\/\/www.actualidadadiario.com\/index.php\/wp-json\/wp\/v2\/media?parent=85627"}],"wp:term":[{"taxonomy":"category","embeddable":true,"href":"https:\/\/www.actualidadadiario.com\/index.php\/wp-json\/wp\/v2\/categories?post=85627"},{"taxonomy":"post_tag","embeddable":true,"href":"https:\/\/www.actualidadadiario.com\/index.php\/wp-json\/wp\/v2\/tags?post=85627"}],"curies":[{"name":"wp","href":"https:\/\/api.w.org\/{rel}","templated":true}]}}