{"id":85622,"date":"2022-04-29T12:57:49","date_gmt":"2022-04-29T15:57:49","guid":{"rendered":"https:\/\/www.actualidadadiario.com\/?p=85622"},"modified":"2022-04-29T12:57:49","modified_gmt":"2022-04-29T15:57:49","slug":"guzman-buscara-convencer-al-establishment-de-que-cumplira-con-el-fmi-y-que-inviertan-en-vaca-muerta","status":"publish","type":"post","link":"https:\/\/www.actualidadadiario.com\/index.php\/2022\/04\/29\/guzman-buscara-convencer-al-establishment-de-que-cumplira-con-el-fmi-y-que-inviertan-en-vaca-muerta\/","title":{"rendered":"Guzm\u00e1n buscar\u00e1 convencer al \u201cestablishment\u201d de que cumplir\u00e1 con el FMI y que inviertan en Vaca Muerta"},"content":{"rendered":"<p style=\"text-align: center;\"><em><strong>EI ministro de Econom\u00eda se presenta esta tarde en la reuni\u00f3n empresarial que se desarrolla en Bariloche e insistir\u00e1 que la inflaci\u00f3n de marzo fue el punto m\u00e1s alto alcanzado. El jueves fue el turno de Horacio Rodr\u00edguez Larreta. El &#8220;c\u00edrculo rojo&#8221; apoya a las palomas<\/strong><\/em><\/p>\n<p>&nbsp;<\/p>\n<p>&nbsp;<\/p>\n<p>El ministro de Econom\u00eda, Mart\u00edn Guzm\u00e1n, se presentar\u00e1 este viernes ante los empresarios m\u00e1s importantes del pa\u00eds en una reuni\u00f3n \u201ccerrada\u201d que tendr\u00e1 lugar en el exclusivo hotel Llao-Llao de Bariloche. En ese \u00e1mbito tratar\u00e1 de convencer a los anfitriones de que el Gobierno podr\u00e1 cumplir el programa que acord\u00f3 con el Fondo Monetario Internacional (FMI), m\u00e1s all\u00e1 de algunos desv\u00edos a los que califica de \u201ccoyunturales\u201d.<\/p>\n<p>Guzm\u00e1n tambi\u00e9n insistir\u00e1 que las industrias tendr\u00e1n garantizado el abastecimiento de energ\u00eda para este invierno, y que la senda es \u201cir tranquilizando\u201d los distintos factores econ\u00f3micos.<\/p>\n<p>Conocido como \u201cEl Grupo Llao \u2013 Llao\u201d en honor a d\u00f3nde se hace la cumbre, fue impulsado por Eduardo Elsztain, el due\u00f1o de IRSA, y a diferencia de otros foros, como el de la UIA o el Coloquio de IDEA, este es \u201ctotalmente cerrado\u201d a la prensa o a cualquier curioso que quiera divulgar lo que se dice all\u00ed adentro, donde se accede solo por invitaci\u00f3n.<\/p>\n<p>Guzm\u00e1n hablar\u00e1 a partir de las 19.30, luego de que se hicieran presentes, entre el mi\u00e9rcoles y el jueves, el ex presidente Mauricio Macri; el jefe de Gobierno porte\u00f1o, Horacio Rodr\u00edguez Larreta; y el diputado Javier Milei.<\/p>\n<p>El ministro de econom\u00eda insistir\u00e1 que el 6,7% de inflaci\u00f3n registrado en marzo \u201ces el nivel m\u00e1ximo\u201d y desde el cual, comenzar\u00e1 a descender el ritmo de ajuste de precios.<\/p>\n<p>Tambi\u00e9n destacar\u00e1 que buscara \u201cel di\u00e1logo entre todos los sectores\u201d para acordar \u201cel mecanismo\u201d, como le gusta decir a \u00e9l, para repartir \u201cla renta inesperada\u201d que obtuvieron algunas compa\u00f1\u00edas como efecto no querido de la invasi\u00f3n de Rusia a Ucrania, el cual ya fue rechazado por la Uni\u00f3n Industrial Argentina (UIA)<\/p>\n<p>Fuentes oficiales confiaron que Guzm\u00e1n volver\u00e1 a destacar la necesidad de evitar que la distribuci\u00f3n del ingreso se haga m\u00e1s regresiva por efecto de \u201cla inflaci\u00f3n importada\u201d, al mismo que insistir\u00e1 en que el Gobierno reducir\u00e1 este a\u00f1o el d\u00e9ficit fiscal al 2,5% del PBI.<\/p>\n<p>M\u00e1s all\u00e1 de las cr\u00edticas del kirchnerismo, Guzm\u00e1n insistir\u00e1 que este \u201ces el programa de Gobierno, y que se llevar\u00e1 adelante con quienes lo apoyen\u201d.<\/p>\n<p>En ese marco, volver\u00e1 a plantear que en los pr\u00f3ximos d\u00edas enviar\u00e1 al Congreso un proyecto de ley que brinde estabilidad a las inversiones extranjeras en Vaca Muerta, y adem\u00e1s flexibilice el cepo cambiario, lo que les permitir\u00e1 a esas compa\u00f1\u00edas una mayor libertad de movimiento de d\u00f3lares.<\/p>\n<p>En medio de esas palabras, Guzm\u00e1n espera que le pregunten sobre cu\u00e1l ser\u00e1 el ritmo de devaluaci\u00f3n que tendr\u00e1 el d\u00f3lar, debido a las dificultades que tiene el Banco Central para hacerse de reservas, tal como le pide el FMI, y se habr\u00e1 divisas para importar, ante la \u201cpromesa\u201d de que la producci\u00f3n se \u201ccaiga\u201d ante la falta de insumos.<\/p>\n","protected":false},"excerpt":{"rendered":"<p>EI ministro de Econom\u00eda se presenta esta tarde en la reuni\u00f3n empresarial que se desarrolla en Bariloche e insistir\u00e1 que la inflaci\u00f3n de marzo fue el punto m\u00e1s alto alcanzado. El jueves fue el turno de Horacio Rodr\u00edguez Larreta. El &#8220;c\u00edrculo rojo&#8221; apoya a las palomas &nbsp; &nbsp; El ministro de Econom\u00eda, Mart\u00edn Guzm\u00e1n, se presentar\u00e1 este viernes ante los empresarios m\u00e1s importantes del pa\u00eds en una reuni\u00f3n \u201ccerrada\u201d que tendr\u00e1 lugar en el exclusivo hotel Llao-Llao de Bariloche. En ese \u00e1mbito tratar\u00e1 de convencer a los anfitriones de que&#8230;<\/p>\n","protected":false},"author":3,"featured_media":85623,"comment_status":"closed","ping_status":"closed","sticky":false,"template":"","format":"standard","meta":[],"categories":[18],"tags":[],"_links":{"self":[{"href":"https:\/\/www.actualidadadiario.com\/index.php\/wp-json\/wp\/v2\/posts\/85622"}],"collection":[{"href":"https:\/\/www.actualidadadiario.com\/index.php\/wp-json\/wp\/v2\/posts"}],"about":[{"href":"https:\/\/www.actualidadadiario.com\/index.php\/wp-json\/wp\/v2\/types\/post"}],"author":[{"embeddable":true,"href":"https:\/\/www.actualidadadiario.com\/index.php\/wp-json\/wp\/v2\/users\/3"}],"replies":[{"embeddable":true,"href":"https:\/\/www.actualidadadiario.com\/index.php\/wp-json\/wp\/v2\/comments?post=85622"}],"version-history":[{"count":1,"href":"https:\/\/www.actualidadadiario.com\/index.php\/wp-json\/wp\/v2\/posts\/85622\/revisions"}],"predecessor-version":[{"id":85624,"href":"https:\/\/www.actualidadadiario.com\/index.php\/wp-json\/wp\/v2\/posts\/85622\/revisions\/85624"}],"wp:featuredmedia":[{"embeddable":true,"href":"https:\/\/www.actualidadadiario.com\/index.php\/wp-json\/wp\/v2\/media\/85623"}],"wp:attachment":[{"href":"https:\/\/www.actualidadadiario.com\/index.php\/wp-json\/wp\/v2\/media?parent=85622"}],"wp:term":[{"taxonomy":"category","embeddable":true,"href":"https:\/\/www.actualidadadiario.com\/index.php\/wp-json\/wp\/v2\/categories?post=85622"},{"taxonomy":"post_tag","embeddable":true,"href":"https:\/\/www.actualidadadiario.com\/index.php\/wp-json\/wp\/v2\/tags?post=85622"}],"curies":[{"name":"wp","href":"https:\/\/api.w.org\/{rel}","templated":true}]}}