{"id":85619,"date":"2022-04-29T12:57:03","date_gmt":"2022-04-29T15:57:03","guid":{"rendered":"https:\/\/www.actualidadadiario.com\/?p=85619"},"modified":"2022-04-29T12:57:03","modified_gmt":"2022-04-29T15:57:03","slug":"el-presidente-visita-la-planta-de-nissan-en-cordoba-junto-a-schiaretti","status":"publish","type":"post","link":"https:\/\/www.actualidadadiario.com\/index.php\/2022\/04\/29\/el-presidente-visita-la-planta-de-nissan-en-cordoba-junto-a-schiaretti\/","title":{"rendered":"El Presidente visita la planta de Nissan en C\u00f3rdoba junto a Schiaretti"},"content":{"rendered":"<p style=\"text-align: center;\"><em><strong>La empresa anunciar\u00e1 el aumento de la producci\u00f3n de su veh\u00edculo Frontier y la creaci\u00f3n de nuevos puestos de trabajo en su planta de Santa Isabel. Luego, Fern\u00e1ndez recorrer\u00e1 la Planta de Tratamiento de L\u00edquidos Cloacales de Bajo Grande en la capital provincial<\/strong><\/em><\/p>\n<p>&nbsp;<\/p>\n<p>&nbsp;<\/p>\n<p>&nbsp;<\/p>\n<p>El presidente Alberto Fern\u00e1ndez viajar\u00e1 este viernes a la provincia de C\u00f3rdoba para visitar la planta de Nissan Argentina en Santa Isabel, donde la empresa anunciar\u00e1 el aumento de la producci\u00f3n de su veh\u00edculo Frontier y la creaci\u00f3n de nuevos puestos de trabajo.<\/p>\n<p>La actividad est\u00e1 prevista a las 11 y junto al mandatario estar\u00e1n el gobernador Juan Schiaretti; el ministro de Desarrollo Productivo, Mat\u00edas Kulfas; el intendente de la ciudad Capital, Mart\u00edn Llaryora y el presidente de la automotriz, Gonzalo Ibarzabal.<\/p>\n<p>En el marco de su visita a la provincia mediterr\u00e1nea, a las 13, Fern\u00e1ndez recorrer\u00e1 la Planta de Tratamiento de L\u00edquidos Cloacales de Bajo Grande en la ciudad de C\u00f3rdoba.<\/p>\n<p>Esta planta fue recientemente ampliada con dos nuevos m\u00f3dulos de tratamiento que benefician a 700 mil personas.<\/p>\n<p>En la recorrida acompa\u00f1ar\u00e1n al Presidente el ministro de Obras P\u00fablicas, Gabriel Katopodis y el resto de la comitiva.<\/p>\n","protected":false},"excerpt":{"rendered":"<p>La empresa anunciar\u00e1 el aumento de la producci\u00f3n de su veh\u00edculo Frontier y la creaci\u00f3n de nuevos puestos de trabajo en su planta de Santa Isabel. Luego, Fern\u00e1ndez recorrer\u00e1 la Planta de Tratamiento de L\u00edquidos Cloacales de Bajo Grande en la capital provincial &nbsp; &nbsp; &nbsp; El presidente Alberto Fern\u00e1ndez viajar\u00e1 este viernes a la provincia de C\u00f3rdoba para visitar la planta de Nissan Argentina en Santa Isabel, donde la empresa anunciar\u00e1 el aumento de la producci\u00f3n de su veh\u00edculo Frontier y la creaci\u00f3n de nuevos puestos de trabajo. La&#8230;<\/p>\n","protected":false},"author":3,"featured_media":85620,"comment_status":"closed","ping_status":"closed","sticky":false,"template":"","format":"standard","meta":[],"categories":[18],"tags":[],"_links":{"self":[{"href":"https:\/\/www.actualidadadiario.com\/index.php\/wp-json\/wp\/v2\/posts\/85619"}],"collection":[{"href":"https:\/\/www.actualidadadiario.com\/index.php\/wp-json\/wp\/v2\/posts"}],"about":[{"href":"https:\/\/www.actualidadadiario.com\/index.php\/wp-json\/wp\/v2\/types\/post"}],"author":[{"embeddable":true,"href":"https:\/\/www.actualidadadiario.com\/index.php\/wp-json\/wp\/v2\/users\/3"}],"replies":[{"embeddable":true,"href":"https:\/\/www.actualidadadiario.com\/index.php\/wp-json\/wp\/v2\/comments?post=85619"}],"version-history":[{"count":1,"href":"https:\/\/www.actualidadadiario.com\/index.php\/wp-json\/wp\/v2\/posts\/85619\/revisions"}],"predecessor-version":[{"id":85621,"href":"https:\/\/www.actualidadadiario.com\/index.php\/wp-json\/wp\/v2\/posts\/85619\/revisions\/85621"}],"wp:featuredmedia":[{"embeddable":true,"href":"https:\/\/www.actualidadadiario.com\/index.php\/wp-json\/wp\/v2\/media\/85620"}],"wp:attachment":[{"href":"https:\/\/www.actualidadadiario.com\/index.php\/wp-json\/wp\/v2\/media?parent=85619"}],"wp:term":[{"taxonomy":"category","embeddable":true,"href":"https:\/\/www.actualidadadiario.com\/index.php\/wp-json\/wp\/v2\/categories?post=85619"},{"taxonomy":"post_tag","embeddable":true,"href":"https:\/\/www.actualidadadiario.com\/index.php\/wp-json\/wp\/v2\/tags?post=85619"}],"curies":[{"name":"wp","href":"https:\/\/api.w.org\/{rel}","templated":true}]}}