{"id":85616,"date":"2022-04-29T12:56:21","date_gmt":"2022-04-29T15:56:21","guid":{"rendered":"https:\/\/www.actualidadadiario.com\/?p=85616"},"modified":"2022-04-29T12:56:21","modified_gmt":"2022-04-29T15:56:21","slug":"cuatro-gobernadores-abriran-sesiones-el-domingo-con-concentraciones-y-protestas","status":"publish","type":"post","link":"https:\/\/www.actualidadadiario.com\/index.php\/2022\/04\/29\/cuatro-gobernadores-abriran-sesiones-el-domingo-con-concentraciones-y-protestas\/","title":{"rendered":"Cuatro gobernadores abrir\u00e1n sesiones el domingo, con concentraciones y protestas"},"content":{"rendered":"<p style=\"text-align: center;\"><em><strong>Omar Perotti (Santa Fe), Rodolfo Suarez (Mendoza), Ra\u00fal Jalil (Catamarca) y Oscar H. Ahuad (Misiones) completar\u00e1n grilla de aperturas provinciales 2022. En el D\u00eda del Trabajador, presencialidad plena dar\u00e1 paso a marcha por inflaci\u00f3n y a arengas 2023<\/strong><\/em><\/p>\n<p>&nbsp;<\/p>\n<p>&nbsp;<\/p>\n<p>Con el tel\u00f3n de fondo de un D\u00eda del Trabajador marcado por el impacto de la trepada inflacionaria, cuatro gobernadores -el santafesino Omar Perotti, el mendocino Rodolfo Suarez, el catamarque\u00f1o Ra\u00fal Jalil y el misionero Oscar Herrera Ahuad- abrir\u00e1n el pr\u00f3ximo domingo el per\u00edodo de sesiones legislativas ordinarias en sus distritos, y completar\u00e1n as\u00ed el calendario de aperturas parlamentarias 2022 en las provincias.<\/p>\n<p>De la mano de un escenario epidemiol\u00f3gico descomprimido, en esta oportunidad las ceremonias y sus adyacencias se despojar\u00e1n de las restricciones de las \u00faltimas dos ediciones y se vestir\u00e1n de presencialidad plena. Una puerta abierta que abri\u00f3 paso al dise\u00f1o de concentraciones y protestas para esa jornada -hay contrastes seg\u00fan el distrito-, en el marco de la ebullici\u00f3n gremial por paritarias que quedaron exiguas y de la carrera hacia el electoral 2023.<\/p>\n<p>En Catamarca, el domingo incluir\u00e1 un triple combo, que augura nutridas presencias: a la Asamblea Legislativa que recibir\u00e1 desde las 10 a Jalil (FdT) en el Polideportivo Capital se sumar\u00e1 luego una \u201clocreada\u201d en la cercana pista Ol\u00edmpica por el D\u00eda del Trabajador y, por la tarde, la convocante Procesi\u00f3n de la Virgen del Valle.<\/p>\n<p>La elecci\u00f3n del enclave para la ceremonia -esta vez no ser\u00e1 en el Cine Teatro- gener\u00f3 cr\u00edticas desde filas de Juntos por el Cambio, desde donde denunciaron la supuesta intenci\u00f3n del oficialismo de montar un encuentro de militantes.<\/p>\n<p>El discurso de Jalil augura balances y anuncios, que incluir\u00edan un reimpulso de su pretensi\u00f3n de avanzar en una reforma de la Constituci\u00f3n que incluya el fin de la reelecci\u00f3n indefinida.<\/p>\n<p>En Mendoza, la alocuci\u00f3n del radical Suarez -tras su participaci\u00f3n en una misi\u00f3n nacional en Israel por el manejo del agua, lo mismo que Jalil- arrancar\u00e1 a las 10 y se aguardan repasos de gesti\u00f3n y ejes de la agenda que viene. Un paquete que tendr\u00e1 tambi\u00e9n un nuevo fogoneo en pos de una reforma de la Carta Magna local y, se estima, definiciones sobre la suerte de la represa de Portezuelo del Viento y de los fondos nacionales involucrados, mientras esperan que laude Alberto Fern\u00e1ndez, en medio del conflicto con un lote de provincias que lidera La Pampa.<\/p>\n<p>Las miradas en la capital mendocina estar\u00e1n puestas en el interior del recinto parlamentario pero tambi\u00e9n en su fachada, ya que los gremios estatales, docentes y judiciales desplegar\u00e1n una concentraci\u00f3n en reclamo a Suarez de la reapertura de las paritarias para potenciar los incrementos tras el 6,7% de inflaci\u00f3n de marzo. Una realidad que afrontan tambi\u00e9n otros gobernadores, pero que en Mendoza quedar\u00e1 amplificada por la jornada parlamentaria en el emblem\u00e1tico 1 de Mayo.<\/p>\n<p>En tierra santafesina, por su parte, el peronista Perotti abrir\u00e1 las sesiones tambi\u00e9n por la ma\u00f1ana -la Asamblea est\u00e1 convocada para las 9-, con un discurso que augura los cl\u00e1sicos balances pero tambi\u00e9n lineamientos a futuro, con foco en ejes clave como el de la seguridad (en medio de la escalada de cr\u00edmenes con sello narco), el escenario social en el marco de la inflaci\u00f3n y la apuesta al impulso de la actividad productiva.<\/p>\n<p>Parte de la atenci\u00f3n estar\u00e1 dirigida a c\u00f3mo Perotti se parar\u00e1 ante el Gobierno de Alberto Fern\u00e1ndez, tras las nuevas tensiones entre el campo y la Casa Rosada y luego de los cuestionamientos a las pol\u00edticas de manejo de subsidios que brotaron desde la poderosa Regi\u00f3n Centro, que comparte con el cordob\u00e9s Juan Schiaretti y el entrerriano Gustavo Bordet.<\/p>\n<p>Desde filas del oficialismo local asoma una nutrida concentraci\u00f3n de militantes de distintos puntos de la provincia en las afueras de la Legislatura, en clave de arenga y blindaje pol\u00edtico en medio de la carrera 2023 y los rearmados intestinos, con los fuertes crujidos en el FdT nacional como tel\u00f3n de fondo.<\/p>\n<p>El mapa de aperturas del domingo se completar\u00e1 con el misionero Herrera Ahuad (Frente Renovador de la Concordia), en una Asamblea Legislativa que ser\u00e1 presidida por el l\u00edder de la fuerza, el exmandatario Carlos Rovira.<\/p>\n<p>M\u00e1s all\u00e1 de los tradicionales ingredientes que tendr\u00e1 el discurso de Herrera Ahuad, parte de las miradas apuntar\u00e1n al posicionamiento que asumir\u00e1 respecto de la Casa Rosada, tras los planteos a Naci\u00f3n en pos de mayores recursos y pol\u00edticas diferenciales (entre ellas, una zona aduanera comercial especial) para enfrentar asimetr\u00edas. Una avanzada que incluy\u00f3 un en\u00e9rgico reclamo en pos de la extensi\u00f3n del proyectado gasoducto N\u00e9stor Kirchner hasta Misiones para \u201ccumplir con una deuda hist\u00f3rica\u201d.<\/p>\n","protected":false},"excerpt":{"rendered":"<p>Omar Perotti (Santa Fe), Rodolfo Suarez (Mendoza), Ra\u00fal Jalil (Catamarca) y Oscar H. Ahuad (Misiones) completar\u00e1n grilla de aperturas provinciales 2022. En el D\u00eda del Trabajador, presencialidad plena dar\u00e1 paso a marcha por inflaci\u00f3n y a arengas 2023 &nbsp; &nbsp; Con el tel\u00f3n de fondo de un D\u00eda del Trabajador marcado por el impacto de la trepada inflacionaria, cuatro gobernadores -el santafesino Omar Perotti, el mendocino Rodolfo Suarez, el catamarque\u00f1o Ra\u00fal Jalil y el misionero Oscar Herrera Ahuad- abrir\u00e1n el pr\u00f3ximo domingo el per\u00edodo de sesiones legislativas ordinarias en sus&#8230;<\/p>\n","protected":false},"author":3,"featured_media":85617,"comment_status":"closed","ping_status":"closed","sticky":false,"template":"","format":"standard","meta":[],"categories":[18],"tags":[],"_links":{"self":[{"href":"https:\/\/www.actualidadadiario.com\/index.php\/wp-json\/wp\/v2\/posts\/85616"}],"collection":[{"href":"https:\/\/www.actualidadadiario.com\/index.php\/wp-json\/wp\/v2\/posts"}],"about":[{"href":"https:\/\/www.actualidadadiario.com\/index.php\/wp-json\/wp\/v2\/types\/post"}],"author":[{"embeddable":true,"href":"https:\/\/www.actualidadadiario.com\/index.php\/wp-json\/wp\/v2\/users\/3"}],"replies":[{"embeddable":true,"href":"https:\/\/www.actualidadadiario.com\/index.php\/wp-json\/wp\/v2\/comments?post=85616"}],"version-history":[{"count":1,"href":"https:\/\/www.actualidadadiario.com\/index.php\/wp-json\/wp\/v2\/posts\/85616\/revisions"}],"predecessor-version":[{"id":85618,"href":"https:\/\/www.actualidadadiario.com\/index.php\/wp-json\/wp\/v2\/posts\/85616\/revisions\/85618"}],"wp:featuredmedia":[{"embeddable":true,"href":"https:\/\/www.actualidadadiario.com\/index.php\/wp-json\/wp\/v2\/media\/85617"}],"wp:attachment":[{"href":"https:\/\/www.actualidadadiario.com\/index.php\/wp-json\/wp\/v2\/media?parent=85616"}],"wp:term":[{"taxonomy":"category","embeddable":true,"href":"https:\/\/www.actualidadadiario.com\/index.php\/wp-json\/wp\/v2\/categories?post=85616"},{"taxonomy":"post_tag","embeddable":true,"href":"https:\/\/www.actualidadadiario.com\/index.php\/wp-json\/wp\/v2\/tags?post=85616"}],"curies":[{"name":"wp","href":"https:\/\/api.w.org\/{rel}","templated":true}]}}